{"id":27688,"date":"2020-03-26T21:02:08","date_gmt":"2020-03-26T21:02:08","guid":{"rendered":"https:\/\/sertv.gob.pa\/crisolfm\/?p=27688"},"modified":"2020-03-26T21:02:08","modified_gmt":"2020-03-26T21:02:08","slug":"la-mejora-de-capa-de-ozono-vinculada-con-cambios-en-la-circulacion-atmosferica","status":"publish","type":"post","link":"https:\/\/sertv.gob.pa\/crisolfm\/la-mejora-de-capa-de-ozono-vinculada-con-cambios-en-la-circulacion-atmosferica\/","title":{"rendered":"La mejora de capa de ozono vinculada con cambios en la circulaci\u00f3n atmosf\u00e9rica"},"content":{"rendered":"<p class=\"entradilla\">El Protocolo de Montreal para la protecci\u00f3n de la capa de ozono estratof\u00e9rico ha estimulado su recuperaci\u00f3n y generado cambios en los patrones de circulaci\u00f3n a\u00e9reos del Hemisferio Sur, seg\u00fan un estudio que publica este mi\u00e9rcoles la revista Nature.<\/p>\n<div id=\"SMIntext-reference-1585256385975\" class=\"SMIntext-reference SMIntext-reference-f0ef0131-1bc0-45ce-8d80-0dab10a7d3b0 desktop\">\n<p>La investigaci\u00f3n, desarrollada por cient\u00edficos de Estados Unidos, ha demostrado que las variaciones se han estancado y podr\u00edan, incluso, ser revertidas debido al llamado Protocolo de Montreal de 1987 que limit\u00f3 el uso de sustancias que da\u00f1an la capa de ozono.<\/p>\n<p>\u201cEste estudio se suma a la creciente evidencia que muestra la profunda efectividad del Protocolo de Montreal\u201c, ha subrayado la profesora de la Universidad de Colorado (Estados Unidos) Antara Banerjee, investigadora que trabaja en la divisi\u00f3n de Ciencias Qu\u00edmicas de la Administraci\u00f3n Atmosf\u00e9rica Oce\u00e1nica Nacional (NOAA).<\/p>\n<p>Seg\u00fan la experta, principal responsable del an\u00e1lisis que publica Nature, el Tratado \u201cno solo ha estimulado la curaci\u00f3n de la zapa de ozono, tambi\u00e9n ha estimulado los recientes cambios observados en los patrones de circulaci\u00f3n a\u00e9reos del Hemisferio Sur\u201d.<\/p>\n<p>La disminuci\u00f3n de ozono (adelgazamiento de la capa de este gas) hab\u00eda reforzado los vientos del v\u00f3rtice polar y afectado a los que descienden hasta la capa m\u00e1s baja de la atm\u00f3sfera terrestre.<\/p>\n<p>Hasta ahora, se hab\u00edan vinculado las pautas de circulaci\u00f3n a cambios clim\u00e1ticos en el Hemisferio Sur, especialmente a la ca\u00edda de la lluvia en Sudam\u00e9rica, en el este de \u00c1frica y en Australia, y a variaciones producidas en corrientes oce\u00e1nicas y en la salinidad.<\/p>\n<h2>Recuperaci\u00f3n de la capa de ozono desde 2000<\/h2>\n<p>Con la entrada en vigor del Protocolo de Montreal, que limita el uso de sustancias destructoras del ozono, como los gases clorofluorocarbonos (CFC) -utilizados en equipos de refrigeraci\u00f3n, entre otros usos-, la capa de ozono empez\u00f3 a recuperarse a principios del a\u00f1o 2000, una vez que las concentraciones de esos componentes qu\u00edmicos en la estratosfera comenzaron a declinar.<\/p>\n<p>Con esta investigaci\u00f3n, Banerjee y el resto de autores mostraron que aproximadamente durante ese a\u00f1o, la circulaci\u00f3n del Hemisferio Sur tambi\u00e9n dej\u00f3 de expandirse hacia el Polo, lo que supuso una pausa o un ligero giro de las tendencias anteriores.<\/p>\n<p>\u201cEste estudio ha demostrado nuestra hip\u00f3tesis de que la recuperaci\u00f3n del ozono est\u00e1, de hecho, impulsando estos cambios en la circulaci\u00f3n atmosf\u00e9rica y no es simplemente una coincidencia\u201d, apunt\u00f3 Banerjee.<\/p>\n<p>Los investigadores emplearon una t\u00e9cnica estad\u00edstica denominada \u201cdetecci\u00f3n y atribuci\u00f3n\u201d y con ella, estudiaron si ciertas pautas observadas en los cambios de viento se deb\u00edan a la variabilidad natural o si pod\u00edan atribuirse a factores causados por la actividad humana.<\/p>\n<p>Primero determinaron que la pausa en las pautas de circulaci\u00f3n atmosf\u00e9rica que hab\u00edan observado no pod\u00eda explicarse solamente por cambios naturales en los vientos. A continuaci\u00f3n, aislaron los efectos del ozono y los gases invernadero por separado y probaron que solo los cambios detectados en el ozono pod\u00edan explicar la pausa en las tendencias de circulaci\u00f3n.<\/p>\n<p>\u201cEsto lo denominamos \u2018pausa\u2019, porque las tendencias de circulaci\u00f3n hacia el Polo podr\u00edan continuar, quedarse estancadas, o revertirse\u201d, seg\u00fan Benerjee para quien \u201cla guerra entre los efectos opuestos de la recuperaci\u00f3n de ozono y el aumento de los gases de efecto invernadero son lo que determinar\u00e1 las futuras tendencias\u201d.<\/p>\n<p>Fuente: EFEverde<\/p>\n<\/div>\n","protected":false},"excerpt":{"rendered":"<p>El Protocolo de Montreal para la protecci\u00f3n de la capa <a href=\"https:\/\/sertv.gob.pa\/crisolfm\/la-mejora-de-capa-de-ozono-vinculada-con-cambios-en-la-circulacion-atmosferica\/\"> [&#8230;]<\/a><\/p>\n","protected":false},"author":64,"featured_media":27689,"comment_status":"closed","ping_status":"closed","sticky":false,"template":"","format":"standard","meta":{"footnotes":""},"categories":[7],"tags":[],"class_list":["post-27688","post","type-post","status-publish","format-standard","has-post-thumbnail","hentry","category-ecologicas"],"_links":{"self":[{"href":"https:\/\/sertv.gob.pa\/crisolfm\/wp-json\/wp\/v2\/posts\/27688","targetHints":{"allow":["GET"]}}],"collection":[{"href":"https:\/\/sertv.gob.pa\/crisolfm\/wp-json\/wp\/v2\/posts"}],"about":[{"href":"https:\/\/sertv.gob.pa\/crisolfm\/wp-json\/wp\/v2\/types\/post"}],"author":[{"embeddable":true,"href":"https:\/\/sertv.gob.pa\/crisolfm\/wp-json\/wp\/v2\/users\/64"}],"replies":[{"embeddable":true,"href":"https:\/\/sertv.gob.pa\/crisolfm\/wp-json\/wp\/v2\/comments?post=27688"}],"version-history":[{"count":1,"href":"https:\/\/sertv.gob.pa\/crisolfm\/wp-json\/wp\/v2\/posts\/27688\/revisions"}],"predecessor-version":[{"id":27690,"href":"https:\/\/sertv.gob.pa\/crisolfm\/wp-json\/wp\/v2\/posts\/27688\/revisions\/27690"}],"wp:featuredmedia":[{"embeddable":true,"href":"https:\/\/sertv.gob.pa\/crisolfm\/wp-json\/wp\/v2\/media\/27689"}],"wp:attachment":[{"href":"https:\/\/sertv.gob.pa\/crisolfm\/wp-json\/wp\/v2\/media?parent=27688"}],"wp:term":[{"taxonomy":"category","embeddable":true,"href":"https:\/\/sertv.gob.pa\/crisolfm\/wp-json\/wp\/v2\/categories?post=27688"},{"taxonomy":"post_tag","embeddable":true,"href":"https:\/\/sertv.gob.pa\/crisolfm\/wp-json\/wp\/v2\/tags?post=27688"}],"curies":[{"name":"wp","href":"https:\/\/api.w.org\/{rel}","templated":true}]}}