{"id":27698,"date":"2020-03-27T15:10:20","date_gmt":"2020-03-27T15:10:20","guid":{"rendered":"https:\/\/sertv.gob.pa\/crisolfm\/?p=27698"},"modified":"2020-03-27T15:10:20","modified_gmt":"2020-03-27T15:10:20","slug":"diario-de-la-epidemia-dia-13-en-que-estan-pensando","status":"publish","type":"post","link":"https:\/\/sertv.gob.pa\/crisolfm\/diario-de-la-epidemia-dia-13-en-que-estan-pensando\/","title":{"rendered":"Diario de la Epidemia &#8211; D\u00eda 13: en qu\u00e9 est\u00e1n pensando"},"content":{"rendered":"<p>El balc\u00f3n de mi despacho se ha convertido en un lugar extra\u00f1amente ambivalente. Miro hacia fuera con cierta esperanza, pero cuando me apoyo en la barandilla intentando encontrar solaz, acabo m\u00e1s cabreado de lo que estaba. Soy un privilegiado por tener este metro cuadrado escaso de libertad, lo s\u00e9. Pero cada vez lo uso menos. \u00bfPor qu\u00e9? Hoy he estado seis minutos fuera. De reloj, porque ha sido el tiempo de una llamada de tel\u00e9fono. Y cada instante era un cabreo distinto. He visto a varias personas pasar frente a la ventana con aire despreocupado y con evidente culpabilidad. Dos, una pareja, iban de la mano, cada uno con una bolsa de la compra. En una iban dos manzanas. En la otra, tres pimientos. Hay seres de los que no se concibe c\u00f3mo llegan a caminar sobre dos piernas, aunque eso no signifique mucho, dec\u00eda Schopenhauer. Deseo, con un cabreo inmenso, que se resbalen y se dejen los dientes contra la acera. Luego pienso que qui\u00e9n soy yo para juzgar los actos de los dem\u00e1s, incluso teniendo raz\u00f3n. Y a este estado de confusi\u00f3n y relativismo nos ha relegado un ser de ciento veinte nanometros de di\u00e1metro.<\/p>\n<p>Fuente: ABC\/JUAN G\u00d3MEZ-JURADO<\/p>\n<p>&nbsp;<\/p>\n","protected":false},"excerpt":{"rendered":"<p>El balc\u00f3n de mi despacho se ha convertido en un <a href=\"https:\/\/sertv.gob.pa\/crisolfm\/diario-de-la-epidemia-dia-13-en-que-estan-pensando\/\"> [&#8230;]<\/a><\/p>\n","protected":false},"author":64,"featured_media":27699,"comment_status":"closed","ping_status":"closed","sticky":false,"template":"","format":"standard","meta":{"footnotes":""},"categories":[6],"tags":[],"class_list":["post-27698","post","type-post","status-publish","format-standard","has-post-thumbnail","hentry","category-culturales"],"_links":{"self":[{"href":"https:\/\/sertv.gob.pa\/crisolfm\/wp-json\/wp\/v2\/posts\/27698","targetHints":{"allow":["GET"]}}],"collection":[{"href":"https:\/\/sertv.gob.pa\/crisolfm\/wp-json\/wp\/v2\/posts"}],"about":[{"href":"https:\/\/sertv.gob.pa\/crisolfm\/wp-json\/wp\/v2\/types\/post"}],"author":[{"embeddable":true,"href":"https:\/\/sertv.gob.pa\/crisolfm\/wp-json\/wp\/v2\/users\/64"}],"replies":[{"embeddable":true,"href":"https:\/\/sertv.gob.pa\/crisolfm\/wp-json\/wp\/v2\/comments?post=27698"}],"version-history":[{"count":1,"href":"https:\/\/sertv.gob.pa\/crisolfm\/wp-json\/wp\/v2\/posts\/27698\/revisions"}],"predecessor-version":[{"id":27700,"href":"https:\/\/sertv.gob.pa\/crisolfm\/wp-json\/wp\/v2\/posts\/27698\/revisions\/27700"}],"wp:featuredmedia":[{"embeddable":true,"href":"https:\/\/sertv.gob.pa\/crisolfm\/wp-json\/wp\/v2\/media\/27699"}],"wp:attachment":[{"href":"https:\/\/sertv.gob.pa\/crisolfm\/wp-json\/wp\/v2\/media?parent=27698"}],"wp:term":[{"taxonomy":"category","embeddable":true,"href":"https:\/\/sertv.gob.pa\/crisolfm\/wp-json\/wp\/v2\/categories?post=27698"},{"taxonomy":"post_tag","embeddable":true,"href":"https:\/\/sertv.gob.pa\/crisolfm\/wp-json\/wp\/v2\/tags?post=27698"}],"curies":[{"name":"wp","href":"https:\/\/api.w.org\/{rel}","templated":true}]}}