{"id":27716,"date":"2020-03-30T15:07:31","date_gmt":"2020-03-30T15:07:31","guid":{"rendered":"https:\/\/sertv.gob.pa\/crisolfm\/?p=27716"},"modified":"2020-03-30T15:07:31","modified_gmt":"2020-03-30T15:07:31","slug":"micultura-participa-con-acciones-solidarias-a-trabajadores-que-luchan-contra-el-covid-19","status":"publish","type":"post","link":"https:\/\/sertv.gob.pa\/crisolfm\/micultura-participa-con-acciones-solidarias-a-trabajadores-que-luchan-contra-el-covid-19\/","title":{"rendered":"MiCultura participa con acciones solidarias a trabajadores que luchan contra el Covid-19"},"content":{"rendered":"<div dir=\"auto\">El ministerio de Cultura, atendiendo el llamado del Presidente a mantener la solidaridad entre los paname\u00f1os, est\u00e1 colaborando en la entrega de almuerzos en los sitios en donde est\u00e1n trabajando los profesionales de la salud y estamentos gubernamentales que atiendien situaciones en la lucha contra el Covid-19.<\/div>\n<div dir=\"auto\"><\/div>\n<div dir=\"auto\">Carlos Aguilar Navarro, ministro de Cultura, junto a una comitiva, procedi\u00f3 a entregar comidas al personal de la Autoridad de Aseo Urbano y Domiciliario, resaltando que ellos son h\u00e9roes que dia a d\u00eda salen a la calle a laborar, siempre motivados y concientes de la importancia de su trabajo.<\/div>\n<div dir=\"auto\"><\/div>\n<div dir=\"auto\">El ministro exhort\u00f3 a la ciudadania a aplaudir la labor que realizan a diario. \u00abCuando pasen por tu casa, hazles saber que son importantes para ti\u00bb, dijo.<\/div>\n<div dir=\"auto\"><\/div>\n<div dir=\"auto\">De igual manera, y agradeciendo a ex alumnos de la promoci\u00f3n 2005 del colegio Las Esclavas, junto al ministro Rafael Sabonge, llevaron almuerzos a los trabajadores del nuevo hospital modular que construye el Ministerio de Obras P\u00fablicas.<\/div>\n<div dir=\"auto\"><\/div>\n<div dir=\"auto\">Los trabajadores de esta facilidad hospitalaria agradecieron el gesto y comentaron que continuar\u00e1n trabajando \u00ab24\/7\u00bb para tener este hospital listo en el plazo fijado.<\/div>\n<div dir=\"auto\"><\/div>\n<div dir=\"auto\">Por su parte, y con un mensaje de agradecimiento al personal del Hospital Susana Jones, el ministro y el personal de la cafeter\u00eda La Estaci\u00f3n, ofrecieron almuerzos quienes laboran en la l\u00ednea 169, destacando\u00a0 su ardua labor ante esta situacion de pandemia.<\/div>\n<div dir=\"auto\"><\/div>\n<div dir=\"auto\">El ministro reiter\u00f3 el mensaje de confianza de que \u201cUNIDOS vamos a superar a este enemigo\u201d que es el coronavirus.<\/div>\n<div dir=\"auto\"><\/div>\n<div dir=\"auto\">Fuente: Mi Cultura<\/div>\n","protected":false},"excerpt":{"rendered":"<p>El ministerio de Cultura, atendiendo el llamado del Presidente a <a href=\"https:\/\/sertv.gob.pa\/crisolfm\/micultura-participa-con-acciones-solidarias-a-trabajadores-que-luchan-contra-el-covid-19\/\"> [&#8230;]<\/a><\/p>\n","protected":false},"author":64,"featured_media":27717,"comment_status":"closed","ping_status":"closed","sticky":false,"template":"","format":"standard","meta":{"footnotes":""},"categories":[6],"tags":[],"class_list":["post-27716","post","type-post","status-publish","format-standard","has-post-thumbnail","hentry","category-culturales"],"_links":{"self":[{"href":"https:\/\/sertv.gob.pa\/crisolfm\/wp-json\/wp\/v2\/posts\/27716","targetHints":{"allow":["GET"]}}],"collection":[{"href":"https:\/\/sertv.gob.pa\/crisolfm\/wp-json\/wp\/v2\/posts"}],"about":[{"href":"https:\/\/sertv.gob.pa\/crisolfm\/wp-json\/wp\/v2\/types\/post"}],"author":[{"embeddable":true,"href":"https:\/\/sertv.gob.pa\/crisolfm\/wp-json\/wp\/v2\/users\/64"}],"replies":[{"embeddable":true,"href":"https:\/\/sertv.gob.pa\/crisolfm\/wp-json\/wp\/v2\/comments?post=27716"}],"version-history":[{"count":1,"href":"https:\/\/sertv.gob.pa\/crisolfm\/wp-json\/wp\/v2\/posts\/27716\/revisions"}],"predecessor-version":[{"id":27721,"href":"https:\/\/sertv.gob.pa\/crisolfm\/wp-json\/wp\/v2\/posts\/27716\/revisions\/27721"}],"wp:featuredmedia":[{"embeddable":true,"href":"https:\/\/sertv.gob.pa\/crisolfm\/wp-json\/wp\/v2\/media\/27717"}],"wp:attachment":[{"href":"https:\/\/sertv.gob.pa\/crisolfm\/wp-json\/wp\/v2\/media?parent=27716"}],"wp:term":[{"taxonomy":"category","embeddable":true,"href":"https:\/\/sertv.gob.pa\/crisolfm\/wp-json\/wp\/v2\/categories?post=27716"},{"taxonomy":"post_tag","embeddable":true,"href":"https:\/\/sertv.gob.pa\/crisolfm\/wp-json\/wp\/v2\/tags?post=27716"}],"curies":[{"name":"wp","href":"https:\/\/api.w.org\/{rel}","templated":true}]}}