{"id":27722,"date":"2020-03-30T15:13:57","date_gmt":"2020-03-30T15:13:57","guid":{"rendered":"https:\/\/sertv.gob.pa\/crisolfm\/?p=27722"},"modified":"2020-03-30T15:13:57","modified_gmt":"2020-03-30T15:13:57","slug":"el-shock-por-el-covid-19-cambiara-nuestra-relacion-con-el-planeta","status":"publish","type":"post","link":"https:\/\/sertv.gob.pa\/crisolfm\/el-shock-por-el-covid-19-cambiara-nuestra-relacion-con-el-planeta\/","title":{"rendered":"El \u201cshock\u201d por el Covid-19 cambiar\u00e1 nuestra relaci\u00f3n con el planeta"},"content":{"rendered":"<p class=\"entradilla\">La lecci\u00f3n del Covid-19 es tan simple como tremenda: \u00abNo podemos seguir as\u00ed\u00bb, afirma el investigador del Consejo Superior de Investigaciones Cient\u00edficas (CSIC) Fernando Valladares, para quien el shock de la sociedad ante el confinamiento no ser\u00e1 en vano y cambiar\u00e1 la relaci\u00f3n del hombre con el planeta.<\/p>\n<div id=\"SMIntext-reference-1585581017476\" class=\"SMIntext-reference SMIntext-reference-f0ef0131-1bc0-45ce-8d80-0dab10a7d3b0 desktop\">\n<p>En esta pandemia global, que nos muestra la repentina aparici\u00f3n de virus desconocidos en las sociedades, Valladares, Doctor en Ciencias Biol\u00f3gicas por la Universidad Complutense de Madrid, ensalza en una entrevista con EFEverde, el efecto \u201camortiguamiento\u201d de la biodiversidad frente al contagio de pat\u00f3genos al ser humano.<\/p>\n<p>La p\u00e9rdida de especies en los ecosistemas tiene \u201cconsecuencias letales en la salud\u201d y ahora es el momento de cambiar nuestras actividades econ\u00f3micas y el comportamiento y respeto a la naturaleza, porque es m\u00e1s eficaz y sostenible, que generar millones de mascarillas o kits de detecci\u00f3n del virus, incide el bi\u00f3logo del CSIC.<\/p>\n<p>Pregunta: \u00bfLos ecosistemas nos protegen ?<br \/>\nRespuesta: Los ecosistemas ricos en especies, complejos, funcionales y con interacciones ecol\u00f3gicas efectivas limitan el contagio y la expansi\u00f3n de pat\u00f3genos. El efecto de amortiguamiento de la biodiversidad en el contagio de pat\u00f3genos al ser humano se pudo demostrar en el caso del virus del Nilo y la diversidad de aves hace m\u00e1s de quince a\u00f1os.<\/p>\n<p>Desde entonces, los cient\u00edficos hemos comprobado en sucesivos casos de zoonosis -el 70% de las enfermedades emergentes de los \u00faltimos 40 a\u00f1os han sido infecciones animales transmitidas a humanos- c\u00f3mo la p\u00e9rdida de especies y funcionalidad en los ecosistemas tiene consecuencias letales en nuestra salud.<\/p>\n<div id=\"attachment_148272\" class=\"wp-caption alignright\">\n<p id=\"caption-attachment-148272\" class=\"wp-caption-text\">\n<\/div>\n<p>P.- \u00bfHay m\u00e1s virus c\u00f3mo consecuencia del cambio clim\u00e1tico?<br \/>\nR.- El cambio clim\u00e1tico est\u00e1 destapando reservas de virus nuevos potencialmente peligrosos al fundir glaciares y el suelo congelado de zonas boreales. Pero el cambio clim\u00e1tico, y el calentamiento en particular, permiten adem\u00e1s que muchas enfermedades infecciosas tropicales lleguen a zonas templadas, y un ejemplo es la malaria.<\/p>\n<p>El cambio clim\u00e1tico tiene multitud de efectos indirectos que repercuten en el riesgo de infecciones y zoonosis al afectar a los h\u00e1bitos alimenticios y a las actividades de muchas personas.<\/p>\n<p>No estamos preparados para esto. De hecho, no hay sistema de sanidad ni fuerzas de seguridad de ning\u00fan Estado que puedan protegernos de estas pandemias que llegar\u00e1n con m\u00e1s frecuencia e intensidad. La \u00fanica protecci\u00f3n posible -por la escala y dimensiones del problema- es la que confieren los sistemas naturales, pero siempre y cuando est\u00e9n sanos, funcionen bien y contengan multitud de especies.<\/p>\n<p>P.- \u00bfExiste una vinculaci\u00f3n cient\u00edfica entre destrucci\u00f3n de ecosistemas y nuevas enfermedades?<br \/>\nR.- Si. La vinculaci\u00f3n se comenz\u00f3 a probar a principios del siglo XXI y la cantidad de estudios demostr\u00e1ndolo no ha parado de crecer en los \u00faltimos quince a\u00f1os. La diversidad de aves nos protege de la gripe aviar, las zarig\u00fceyas de la enfermedad de Lyme. La existencia en la naturaleza de organismos como hospedadores intermediarios nos evita el contagio o hace que este tenga una frecuencia menor, y adem\u00e1s, permite la co-evoluci\u00f3n hospedador-hu\u00e9sped y mantener la carga v\u00edrica global en niveles m\u00e1s bajos.<\/p>\n<div id=\"attachment_148273\" class=\"wp-caption alignright\">\n<p id=\"caption-attachment-148273\" class=\"wp-caption-text\">\n<\/div>\n<p>P.- \u00bfRevertir la degradaci\u00f3n de los ecosistemas nos protege?<br \/>\nR.- Revertir la degradaci\u00f3n de ecosistemas nos protege de pandemias por al menos dos procesos -amortiguaci\u00f3n y diluci\u00f3n- tanto a escala local (peque\u00f1o bosques con algunas viviendas dispersas), como global de grandes regiones.<\/p>\n<p>Revertir el proceso de destrucci\u00f3n y simplificaci\u00f3n de los ecosistemas de la Tierra es un proceso lento, pero el \u00fanico capaz de brindar protecci\u00f3n real y sostenible.<\/p>\n<p>En el actual estado de alarma, debemos contener el avance del virus y proteger nuestra salud con ayuda del sistema sanitario. Pero ya han muerto miles de personas y millones sufrimos da\u00f1os emocionales, econ\u00f3micos y de bienestar por la pandemia, y eso, es en si una gran derrota global, por mucho que en este a\u00f1o le ganemos la partida a este virus. El \u00e9xito, la aut\u00e9ntica victoria ser\u00e1 cuando se eviten pandemias, no cuando se contengan para acabar reduci\u00e9ndolas.<\/p>\n<div id=\"attachment_148274\" class=\"wp-caption alignright\">\n<p id=\"caption-attachment-148274\" class=\"wp-caption-text\">\n<\/div>\n<p>P.- \u00bfLa relaci\u00f3n del hombre-naturaleza es causa de esta pandemia?<\/p>\n<p>R.- Sin duda, nuestra relaci\u00f3n con el planeta es la causa de estas pandemias. Las zoonosis se dar\u00edan con menor frecuencia e impacto y con un car\u00e1cter m\u00e1s local si no fuera por nuestra actitud predadora, por la eliminaci\u00f3n de especies y por el deterioro de los sistemas naturales que, aliadas con una conexi\u00f3n mundial r\u00e1pida de nuestra especie, convierten en global cualquier brote infeccioso grave.<\/p>\n<p>Murci\u00e9lagos y pangolines, como tantos otros mam\u00edferos y aves, son reservorios naturales de virus. Entrar en contacto con ellos de forma ocasional y al amparo de ecosistemas saludables, no es un gran problema. Lo grave surge cuando estos contactos se hacen con intensidad y frecuencia, cuando los animales contactados provienen de sistemas simplificados que concentran la carga individual de virus por organismo. Parece, adem\u00e1s, que el estr\u00e9s al que sometemos a muchos de estos animales cuando los manipulamos y hacinamos en mercados multiplica la carga v\u00edrica y el riesgo de contagio.<\/p>\n<p>P.- \u00bfQu\u00e9 lecci\u00f3n podemos sacar de esta pandemia global?<\/p>\n<p>R.- La lecci\u00f3n es tan simple como tremenda: no podemos seguir as\u00ed. No es una cuesti\u00f3n de peque\u00f1os ajustes o m\u00e1s respiradores en hospitales.<\/p>\n<p>Que le cuenten a los familiares de los fallecidos en esta pandemia, de qu\u00e9 les sirven respiradores y mascarillas.<\/p>\n<p>Queremos creer que el shock del confinamiento no ser\u00e1 en vano y que la constataci\u00f3n de una cruda realidad, cambiar\u00e1 nuestra relaci\u00f3n con el planeta cuando el COVID-19 pase.<\/p>\n<p>Fuente: EFEverde<\/p>\n<\/div>\n","protected":false},"excerpt":{"rendered":"<p>La lecci\u00f3n del Covid-19 es tan simple como tremenda: \u00abNo <a href=\"https:\/\/sertv.gob.pa\/crisolfm\/el-shock-por-el-covid-19-cambiara-nuestra-relacion-con-el-planeta\/\"> [&#8230;]<\/a><\/p>\n","protected":false},"author":64,"featured_media":27723,"comment_status":"closed","ping_status":"closed","sticky":false,"template":"","format":"standard","meta":{"footnotes":""},"categories":[7],"tags":[],"class_list":["post-27722","post","type-post","status-publish","format-standard","has-post-thumbnail","hentry","category-ecologicas"],"_links":{"self":[{"href":"https:\/\/sertv.gob.pa\/crisolfm\/wp-json\/wp\/v2\/posts\/27722","targetHints":{"allow":["GET"]}}],"collection":[{"href":"https:\/\/sertv.gob.pa\/crisolfm\/wp-json\/wp\/v2\/posts"}],"about":[{"href":"https:\/\/sertv.gob.pa\/crisolfm\/wp-json\/wp\/v2\/types\/post"}],"author":[{"embeddable":true,"href":"https:\/\/sertv.gob.pa\/crisolfm\/wp-json\/wp\/v2\/users\/64"}],"replies":[{"embeddable":true,"href":"https:\/\/sertv.gob.pa\/crisolfm\/wp-json\/wp\/v2\/comments?post=27722"}],"version-history":[{"count":1,"href":"https:\/\/sertv.gob.pa\/crisolfm\/wp-json\/wp\/v2\/posts\/27722\/revisions"}],"predecessor-version":[{"id":27724,"href":"https:\/\/sertv.gob.pa\/crisolfm\/wp-json\/wp\/v2\/posts\/27722\/revisions\/27724"}],"wp:featuredmedia":[{"embeddable":true,"href":"https:\/\/sertv.gob.pa\/crisolfm\/wp-json\/wp\/v2\/media\/27723"}],"wp:attachment":[{"href":"https:\/\/sertv.gob.pa\/crisolfm\/wp-json\/wp\/v2\/media?parent=27722"}],"wp:term":[{"taxonomy":"category","embeddable":true,"href":"https:\/\/sertv.gob.pa\/crisolfm\/wp-json\/wp\/v2\/categories?post=27722"},{"taxonomy":"post_tag","embeddable":true,"href":"https:\/\/sertv.gob.pa\/crisolfm\/wp-json\/wp\/v2\/tags?post=27722"}],"curies":[{"name":"wp","href":"https:\/\/api.w.org\/{rel}","templated":true}]}}