{"id":27749,"date":"2020-04-01T13:51:08","date_gmt":"2020-04-01T13:51:08","guid":{"rendered":"https:\/\/sertv.gob.pa\/crisolfm\/?p=27749"},"modified":"2020-04-01T13:51:08","modified_gmt":"2020-04-01T13:51:08","slug":"mi-ambiente-y-bomberos-liquidan-imave-en-tierras-altas","status":"publish","type":"post","link":"https:\/\/sertv.gob.pa\/crisolfm\/mi-ambiente-y-bomberos-liquidan-imave-en-tierras-altas\/","title":{"rendered":"Mi Ambiente y bomberos liquidan IMAVE en tierras altas"},"content":{"rendered":"<p>T\u00e9cnicos del Ministerio de Ambiente en conjunto con unidades del Benem\u00e9rito Cuerpo de Bomberos liquidaron un Incendio de Masa Vegetal registrado muy cerca a la Zona de Amortiguamiento del Parque Internacional La Amistad, en el sector conocido como Los Pozos Termales de Volc\u00e1n, en el distrito de Tierras Altas.<\/p>\n<p>Al finalizar las labores de extinci\u00f3n se determin\u00f3 la afectaci\u00f3n de 26.10 hect\u00e1reas en bosque secundario y gram\u00edneas.<br \/>\nEl IMAVE se registr\u00f3 en las coordenadas UTM 17P E315053 N981516.<\/p>\n<p>Mi Ambiente agradece a los 5 bomberos de la Estaci\u00f3n de Volc\u00e1n y a los 7 brigadistas de la instituci\u00f3n por la colaboraci\u00f3n en esta jornada.\u00a0Este Imave es el segundo del a\u00f1o que tiene incidencia en las \u00e1reas protegidas de la provincia de Chiriqu\u00ed.\u00a0Se insta a la poblaci\u00f3n a evitar la generaci\u00f3n de focos de Imave, adem\u00e1s de denunciar el delito ambiental.<\/p>\n<p>Fuente: Mi Ambiente<\/p>\n","protected":false},"excerpt":{"rendered":"<p>T\u00e9cnicos del Ministerio de Ambiente en conjunto con unidades del <a href=\"https:\/\/sertv.gob.pa\/crisolfm\/mi-ambiente-y-bomberos-liquidan-imave-en-tierras-altas\/\"> [&#8230;]<\/a><\/p>\n","protected":false},"author":64,"featured_media":27750,"comment_status":"closed","ping_status":"closed","sticky":false,"template":"","format":"standard","meta":{"footnotes":""},"categories":[7],"tags":[],"class_list":["post-27749","post","type-post","status-publish","format-standard","has-post-thumbnail","hentry","category-ecologicas"],"_links":{"self":[{"href":"https:\/\/sertv.gob.pa\/crisolfm\/wp-json\/wp\/v2\/posts\/27749","targetHints":{"allow":["GET"]}}],"collection":[{"href":"https:\/\/sertv.gob.pa\/crisolfm\/wp-json\/wp\/v2\/posts"}],"about":[{"href":"https:\/\/sertv.gob.pa\/crisolfm\/wp-json\/wp\/v2\/types\/post"}],"author":[{"embeddable":true,"href":"https:\/\/sertv.gob.pa\/crisolfm\/wp-json\/wp\/v2\/users\/64"}],"replies":[{"embeddable":true,"href":"https:\/\/sertv.gob.pa\/crisolfm\/wp-json\/wp\/v2\/comments?post=27749"}],"version-history":[{"count":1,"href":"https:\/\/sertv.gob.pa\/crisolfm\/wp-json\/wp\/v2\/posts\/27749\/revisions"}],"predecessor-version":[{"id":27751,"href":"https:\/\/sertv.gob.pa\/crisolfm\/wp-json\/wp\/v2\/posts\/27749\/revisions\/27751"}],"wp:featuredmedia":[{"embeddable":true,"href":"https:\/\/sertv.gob.pa\/crisolfm\/wp-json\/wp\/v2\/media\/27750"}],"wp:attachment":[{"href":"https:\/\/sertv.gob.pa\/crisolfm\/wp-json\/wp\/v2\/media?parent=27749"}],"wp:term":[{"taxonomy":"category","embeddable":true,"href":"https:\/\/sertv.gob.pa\/crisolfm\/wp-json\/wp\/v2\/categories?post=27749"},{"taxonomy":"post_tag","embeddable":true,"href":"https:\/\/sertv.gob.pa\/crisolfm\/wp-json\/wp\/v2\/tags?post=27749"}],"curies":[{"name":"wp","href":"https:\/\/api.w.org\/{rel}","templated":true}]}}