{"id":27765,"date":"2020-04-02T15:05:50","date_gmt":"2020-04-02T15:05:50","guid":{"rendered":"https:\/\/sertv.gob.pa\/crisolfm\/?p=27765"},"modified":"2020-04-02T15:05:50","modified_gmt":"2020-04-02T15:05:50","slug":"la-cumbre-del-clima-cop26-de-la-onu-se-aplaza-a-2021","status":"publish","type":"post","link":"https:\/\/sertv.gob.pa\/crisolfm\/la-cumbre-del-clima-cop26-de-la-onu-se-aplaza-a-2021\/","title":{"rendered":"La cumbre del clima COP26 de la ONU se aplaza a 2021"},"content":{"rendered":"<p class=\"entradilla\">La cumbre del clima, la COP26 de Naciones Unidas, que deb\u00eda celebrarse a finales de este a\u00f1o en Glasgow se aplaza a 2021, seg\u00fan acordaron este mi\u00e9rcoles 1 de abril responsables de la ONU , del gobierno britanico y sus socios italianos (anfitriones de la pre COP).<\/p>\n<div id=\"SMIntext-reference-1585839804659\" class=\"SMIntext-reference SMIntext-reference-f0ef0131-1bc0-45ce-8d80-0dab10a7d3b0 desktop\">\n<p>La decisi\u00f3n de aplazar la Conferencia de las Partes de la Convenci\u00f3n Marco de la ONU de lucha contra el cambio clim\u00e1tico (CMNUCCC) ha sido adoptada en una videoconferencia de la \u201coficina\u201d de la ONU a la que asistieron la jefa de Naciones Unidas para el clima, Patricia Espinosa, y representantes de los principales bloques regionales de la ONU.<\/p>\n<h2>Desaf\u00edo sin precedentes<\/h2>\n<p>\u201cEl mundo se enfrenta actualmente a un desaf\u00edo mundial sin precedentes y los pa\u00edses est\u00e1n centrando acertadamente sus esfuerzos en salvar vidas y luchar contra COVID-19. Por eso hemos decidido reprogramar la COP26\u201d, ha dicho el <strong>presidente de la COP26<\/strong> y Secretario de Estado de Negocios, Energ\u00eda y Estrategia Industrial <strong>Alok Sharma.<\/strong><\/p>\n<p>Esta semana el gobierno escoc\u00e9s anunci\u00f3 que el SEC Arena \u2013 donde se celebrar\u00e1 la COP26 \u2013 se convertir\u00e1 en un hospital de campa\u00f1a para hacer frente a los casos de COVID-19.<\/p>\n<div class=\"box shadow\">\n<div class=\"box-inner-block\"><i class=\"tieicon-boxicon\"><\/i>La COP26 se iba a llevar a cabo del 9 al 18 de noviembre en Glasgow, Escocia.<\/div>\n<\/div>\n<p>Igualmente otras reuniones preparatorias que deb\u00edan celebrarse en junio de 2020 se posponen, aunque se plantea la posibilidad de celebrarlas mediante videoconferencia con\u00a0 Bonn, sede de la convenci\u00f3n<\/p>\n<p>La cumbre clim\u00e1tica se suma as\u00ed a otros eventos internacionales vinculados al ambiente que fueron pospuestos por la pandemia. Otro fue la 15\u00b0 Conferencia de las Partes (COP15) de la Convenci\u00f3n sobre la Diversidad Biol\u00f3gica (CDB, por sus siglas en ingl\u00e9s) que deb\u00eda celebrarse del 15 al 28 de Octubre en China.<\/p>\n<p>\u201cEl mundo se enfrenta actualmente a un desaf\u00edo mundial sin precedentes y los pa\u00edses est\u00e1n centrando acertadamente sus esfuerzos en salvar vidas y luchar contra COVID-19. Por eso hemos decidido reprogramar la COP26\u201d, ha dicho el presidente de la COP26 y Secretario de Estado de Negocios, Energ\u00eda y Estrategia Industrial Alok Sharma.<\/p>\n<h2>Compromisos nacionales<\/h2>\n<p>La reuni\u00f3n de Glasgow es importante, porque en el marco del Acuerdo de Par\u00eds, alcanzado en 2015, los gobiernos se comprometieron pol\u00edticamente a presentar nuevos planes clim\u00e1ticos este a\u00f1o. Esta fue una de las tareas que quedaron pendientes de desarrollo en la anterior COP25<\/p>\n<p><i>\u201cPosponer la COP26 [tras la decisi\u00f3n paralela de la CDB] es lo correcto, la salud p\u00fablica y la seguridad deben ser lo primero ahora. La Presidencia del Reino Unido y todos los gobiernos deben aprovechar este tiempo para dise\u00f1ar planes de recuperaci\u00f3n y transici\u00f3n resistentes que consideren el clima, la biodiversidad, el desarrollo y la justicia social de manera integrada. Esta crisis ha demostrado que la cooperaci\u00f3n y la solidaridad internacionales son esenciales para proteger el bienestar y la paz mundiales. La COP26 del pr\u00f3ximo a\u00f1o deber\u00eda convertirse en una pieza central de la revitalizada cooperaci\u00f3n mundial\u201d, ha se\u00f1alado\u00a0 la <b>directora general de la Fundaci\u00f3n Europea del Clima y arquitecta del Acuerdo de Par\u00eds, Laurence Tubiana.<\/b><\/i><\/p>\n<p>La noticia del aplazamiento de la COP26 llega cuando las emisiones de gases de efecto invernadero\u00a0siguen aumentando\u00a0hasta niveles peligrosos, con los impactos de los fen\u00f3menos meteorol\u00f3gicos extremos relacionados con el clima que se est\u00e1n produciendo en todo el mundo.<\/p>\n<p>2020. La ciencia nos dice que las emisiones deben alcanzar su punto m\u00e1ximo este a\u00f1o si queremos limitar el calentamiento a 1,5\u00b0C, y el Acuerdo de Par\u00eds estableci\u00f3 la COP26 como el momento en que todos los pa\u00edses aumentar\u00edan sus objetivos de acuerdo con la pronunciada disminuci\u00f3n de las emisiones que necesitamos ver en esta decisiva pr\u00f3xima d\u00e9cada, ha se\u00f1alado <b>Christiana Figueres<\/b><b>, jefa de la ONU para el clima de 2011 a 2016.<\/b><\/p>\n<p>En una declaraci\u00f3n, el vicepresidente Ejecutivo de la Uni\u00f3n Europea, <strong>Frans Timmermans,<\/strong>\u00a0 ha destacado el fuerte compromiso de la UE<br \/>\npara que la COP26 sea un \u00e9xito y para que se cumpla \u201cel Acuerdo Verde Europeo que anunciamos en Diciembre de 2019 en inter\u00e9s de la salud de nuestra econom\u00eda y de nuestro pueblo\u201d.<\/p>\n<p>A largo plazo- a\u00f1ade- , nos hemos comprometido con el clima neutralidad para el 2050 y propuso una ley clim\u00e1tica que har\u00e1 que este objetivo sea legalmente vinculante.<\/p>\n<p>La \u00faltima cumbre del clima (COP25) se celebro el pasado diciembre en el reciento ferial de IFEMA en Madrid y fue organizada \u201cin extremis\u201d por Espa\u00f1a, tras la renuncia de Chile a acoger la reuni\u00f3n por los graves conflictos sociales que atravesaba el pa\u00eds andino.<\/p>\n<p>Fuente: EFEverde<\/p>\n<\/div>\n","protected":false},"excerpt":{"rendered":"<p>La cumbre del clima, la COP26 de Naciones Unidas, que <a href=\"https:\/\/sertv.gob.pa\/crisolfm\/la-cumbre-del-clima-cop26-de-la-onu-se-aplaza-a-2021\/\"> [&#8230;]<\/a><\/p>\n","protected":false},"author":64,"featured_media":27766,"comment_status":"closed","ping_status":"closed","sticky":false,"template":"","format":"standard","meta":{"footnotes":""},"categories":[7],"tags":[],"class_list":["post-27765","post","type-post","status-publish","format-standard","has-post-thumbnail","hentry","category-ecologicas"],"_links":{"self":[{"href":"https:\/\/sertv.gob.pa\/crisolfm\/wp-json\/wp\/v2\/posts\/27765","targetHints":{"allow":["GET"]}}],"collection":[{"href":"https:\/\/sertv.gob.pa\/crisolfm\/wp-json\/wp\/v2\/posts"}],"about":[{"href":"https:\/\/sertv.gob.pa\/crisolfm\/wp-json\/wp\/v2\/types\/post"}],"author":[{"embeddable":true,"href":"https:\/\/sertv.gob.pa\/crisolfm\/wp-json\/wp\/v2\/users\/64"}],"replies":[{"embeddable":true,"href":"https:\/\/sertv.gob.pa\/crisolfm\/wp-json\/wp\/v2\/comments?post=27765"}],"version-history":[{"count":1,"href":"https:\/\/sertv.gob.pa\/crisolfm\/wp-json\/wp\/v2\/posts\/27765\/revisions"}],"predecessor-version":[{"id":27767,"href":"https:\/\/sertv.gob.pa\/crisolfm\/wp-json\/wp\/v2\/posts\/27765\/revisions\/27767"}],"wp:featuredmedia":[{"embeddable":true,"href":"https:\/\/sertv.gob.pa\/crisolfm\/wp-json\/wp\/v2\/media\/27766"}],"wp:attachment":[{"href":"https:\/\/sertv.gob.pa\/crisolfm\/wp-json\/wp\/v2\/media?parent=27765"}],"wp:term":[{"taxonomy":"category","embeddable":true,"href":"https:\/\/sertv.gob.pa\/crisolfm\/wp-json\/wp\/v2\/categories?post=27765"},{"taxonomy":"post_tag","embeddable":true,"href":"https:\/\/sertv.gob.pa\/crisolfm\/wp-json\/wp\/v2\/tags?post=27765"}],"curies":[{"name":"wp","href":"https:\/\/api.w.org\/{rel}","templated":true}]}}