{"id":27788,"date":"2020-04-07T15:14:59","date_gmt":"2020-04-07T15:14:59","guid":{"rendered":"https:\/\/sertv.gob.pa\/crisolfm\/?p=27788"},"modified":"2020-04-07T15:14:59","modified_gmt":"2020-04-07T15:14:59","slug":"el-artico-registra-un-agujero-de-ozono-que-puede-ser-aun-mayor","status":"publish","type":"post","link":"https:\/\/sertv.gob.pa\/crisolfm\/el-artico-registra-un-agujero-de-ozono-que-puede-ser-aun-mayor\/","title":{"rendered":"El \u00c1rtico registra un agujero de ozono que puede ser a\u00fan mayor"},"content":{"rendered":"<p class=\"entradilla\">El Artico registra actualmente un agujero de la capa de ozono -protectora de los rayos ultravioleta- a unos 18 kil\u00f3metros de altura, fen\u00f3meno que no se hab\u00eda anotado desde la primavera boreal de 2011, ha informado este martes el Servicio de Vigilancia Atmosf\u00e9rica (CAMS) del Sistema europeo Cop\u00e9rnico.<\/p>\n<div id=\"SMIntext-reference-1586272248669\" class=\"SMIntext-reference SMIntext-reference-f0ef0131-1bc0-45ce-8d80-0dab10a7d3b0 desktop\">\n<p>Los investigadores del Servicio de Vigilancia Atmosf\u00e9rica han hecho un seguimiento de la \u201c<strong>actividad inusual en la capa de ozono<\/strong>\u201d durante la primavera en el Artico que demuestra que la mayor\u00eda del ozono en la capa situada a una presi\u00f3n de entre 50 y 80 hPA (aproximadamente 18 kil\u00f3metros de altura) \u201cse ha agotado\u201d.<\/p>\n<h2>Capa de ozono, la protectora frente a los rayos ultravioleta<\/h2>\n<p>La capa de ozono estratosf\u00e9rica act\u00faa a modo de \u201cescudo protector\u201d de la vida terrestre de los efectos \u201cpotencialmente da\u00f1inos de la radiaci\u00f3n ultravioleta\u201d, seg\u00fan un comunicado de CAMS.<\/p>\n<div class=\"box shadow\">\n<div class=\"box-inner-block\"><i class=\"tieicon-boxicon\"><\/i>Seg\u00fan los cient\u00edficos de Vigilancia Atmosf\u00e9rica, las columnas de ozono sobre amplias zonas del Artico \u201chan registrado valores m\u00ednimos r\u00e9cord este a\u00f1o, lo que ha derivado en la formaci\u00f3n de un agujero de ozono\u201d.<\/div>\n<\/div>\n<p>La \u00faltima ocasi\u00f3n que se observ\u00f3 un agotamiento de la capa de ozono \u201cigual de marcado sobre el Artico\u201d fue <strong>en 2011, durante la primavera boreal<\/strong>, y los cient\u00edficos de la CAMS \u201cprev\u00e9n que la situaci\u00f3n sea a\u00fan mayor en 2020\u201d.<\/p>\n<div class=\"box shadow\">\n<div class=\"box-inner-block\"><i class=\"tieicon-boxicon\"><\/i>Los datos de CAMS evidencian lo \u201cexcepcionalmente reducidos que han sido los valores m\u00ednimos de la columna de ozono hasta la fecha en 2020\u201d, seg\u00fan el Servicio de Cambio Clim\u00e1tico de Cop\u00e9rnico y CAMS.<\/div>\n<\/div>\n<h2>M\u00e1s com\u00fan en la Ant\u00e1rtida<\/h2>\n<p>Este fen\u00f3meno se produce cada primavera austral de la Ant\u00e1rtida, sin embargo, los agujeros de ozono sobre el Artico \u201cson poco habituales, debido a que, por lo general, el hemisferio norte no cuenta con las condiciones necesarias para que se produzca un agotamiento de la capa de ozono tan marcado\u201d, seg\u00fan CAMS.<\/p>\n<p>En noviembre pasado CAMS inform\u00f3 de que el agujero en la zona austral fue \u201cel de <strong>menor envergadura en los \u00faltimos 35 a\u00f1os\u201d.<\/strong><\/p>\n<div class=\"box shadow\">\n<div class=\"box-inner-block\"><i class=\"tieicon-boxicon\"><\/i>En general, \u201cla estratosfera del Artico est\u00e1 menos aislada que la de su hom\u00f3loga de la Ant\u00e1rtida\u201d y ello se debe a que la presencia de masas continentales y cordilleras en latitudes elevadas en el hemisferio norte altera las pautas meteorol\u00f3gicas, \u201clo que conlleva que el v\u00f3rtice polar sea m\u00e1s d\u00e9bil y sufra m\u00e1s perturbaciones\u201d.<\/div>\n<\/div>\n<p>El director de CAMS, <strong>Vincent-Henri Peuch<\/strong>, ha explicado que las previsiones \u201csugieren que las temperaturas est\u00e1n ahora empezando a aumentar en el v\u00f3rtice polar\u201d.<\/p>\n<p>\u201cEllo implica que el agotamiento de la capa de ozono se ralentizar\u00e1 y, en \u00faltima instancia, se detendr\u00e1\u201d, seg\u00fan Peuch, \u201cdado que el aire polar se mezclar\u00e1 con el aire rico en ozono de latitudes inferiores\u201d.<\/p>\n<p>El experto ha a\u00f1adido que \u201cresulta sumamente importante mantener los esfuerzos internacionales\u201d por monitorizar la evoluci\u00f3n del agujero de ozono y la capa de ozono a lo largo del tiempo.<\/p>\n<h2>\u00bfC\u00f3mo se forman los agujeros en la capa de ozono?<\/h2>\n<p>Los agujeros de ozono se forman porque las sustancias que contienen bromo o cloro se acumulan en el v\u00f3rtice polar, donde permanecen qu\u00edmicamente inactivas en la oscuridad.<\/p>\n<p>Sin embargo, el descenso de temperaturas en el v\u00f3rtice por debajo de los -78 grados Celsius pueden producir la formaci\u00f3n de cristales de hielo en las nubes estratosf\u00e9ricas polares, que desempe\u00f1an un papel importante en las reacciones qu\u00edmicas.<\/p>\n<p>A medida que el Sol desprende energ\u00eda libera los \u00e1tomos de cloro y bromo presentes en el v\u00f3rtice, que pasan a estar qu\u00edmicamente activos y <strong>destruyen r\u00e1pidamente las mol\u00e9culas de ozono<\/strong>, lo que provoca la formaci\u00f3n del agujero.<\/p>\n<p>El Servicio de Vigilancia Atmosf\u00e9rica de Copernicus (CAMS) est\u00e1 implementado a trav\u00e9s del Centro Europeo de Previsiones Meteorol\u00f3gicas a Plazo Medio (CEPMPM) en representaci\u00f3n de la Comisi\u00f3n Europea.<\/p>\n<p>Fuente: EFEverde<\/p>\n<\/div>\n","protected":false},"excerpt":{"rendered":"<p>El Artico registra actualmente un agujero de la capa de <a href=\"https:\/\/sertv.gob.pa\/crisolfm\/el-artico-registra-un-agujero-de-ozono-que-puede-ser-aun-mayor\/\"> [&#8230;]<\/a><\/p>\n","protected":false},"author":64,"featured_media":27789,"comment_status":"closed","ping_status":"closed","sticky":false,"template":"","format":"standard","meta":{"footnotes":""},"categories":[7],"tags":[],"class_list":["post-27788","post","type-post","status-publish","format-standard","has-post-thumbnail","hentry","category-ecologicas"],"_links":{"self":[{"href":"https:\/\/sertv.gob.pa\/crisolfm\/wp-json\/wp\/v2\/posts\/27788","targetHints":{"allow":["GET"]}}],"collection":[{"href":"https:\/\/sertv.gob.pa\/crisolfm\/wp-json\/wp\/v2\/posts"}],"about":[{"href":"https:\/\/sertv.gob.pa\/crisolfm\/wp-json\/wp\/v2\/types\/post"}],"author":[{"embeddable":true,"href":"https:\/\/sertv.gob.pa\/crisolfm\/wp-json\/wp\/v2\/users\/64"}],"replies":[{"embeddable":true,"href":"https:\/\/sertv.gob.pa\/crisolfm\/wp-json\/wp\/v2\/comments?post=27788"}],"version-history":[{"count":1,"href":"https:\/\/sertv.gob.pa\/crisolfm\/wp-json\/wp\/v2\/posts\/27788\/revisions"}],"predecessor-version":[{"id":27790,"href":"https:\/\/sertv.gob.pa\/crisolfm\/wp-json\/wp\/v2\/posts\/27788\/revisions\/27790"}],"wp:featuredmedia":[{"embeddable":true,"href":"https:\/\/sertv.gob.pa\/crisolfm\/wp-json\/wp\/v2\/media\/27789"}],"wp:attachment":[{"href":"https:\/\/sertv.gob.pa\/crisolfm\/wp-json\/wp\/v2\/media?parent=27788"}],"wp:term":[{"taxonomy":"category","embeddable":true,"href":"https:\/\/sertv.gob.pa\/crisolfm\/wp-json\/wp\/v2\/categories?post=27788"},{"taxonomy":"post_tag","embeddable":true,"href":"https:\/\/sertv.gob.pa\/crisolfm\/wp-json\/wp\/v2\/tags?post=27788"}],"curies":[{"name":"wp","href":"https:\/\/api.w.org\/{rel}","templated":true}]}}