{"id":27800,"date":"2020-04-08T16:54:02","date_gmt":"2020-04-08T16:54:02","guid":{"rendered":"https:\/\/sertv.gob.pa\/crisolfm\/?p=27800"},"modified":"2020-04-08T16:54:02","modified_gmt":"2020-04-08T16:54:02","slug":"la-gran-muralla-china-vandalizada-el-dia-de-su-apertura-tras-la-cuarentena-por-el-coronavirus","status":"publish","type":"post","link":"https:\/\/sertv.gob.pa\/crisolfm\/la-gran-muralla-china-vandalizada-el-dia-de-su-apertura-tras-la-cuarentena-por-el-coronavirus\/","title":{"rendered":"La Gran Muralla China, vandalizada el d\u00eda de su apertura tras la cuarentena por el coronavirus"},"content":{"rendered":"<p>El tramo de Bandaling de la Gran Muralla china, a unos 70 kil\u00f3metros de Pek\u00edn, es el m\u00e1s popular y visitado por los turistas y reabri\u00f3 el pasado 24 de marzo tras dos meses cerrado debido a la pandemia del coronavirus. Y, ese mismo d\u00eda, un turista fue cazado cometiendo un acto vand\u00e1lico, llave en mano, en el monumento, emblema del pa\u00eds asi\u00e1tico.<\/p>\n<p>La noticia, captada por una de las c\u00e1maras que se suceden a lo largo de la Gran Muralla, se volvi\u00f3 r\u00e1pidamente viral, seg\u00fan recoge la CNN, medio que refleja, tambi\u00e9n, c\u00f3mo el hashtag #\u516b\u8fbe\u5cad\u957f\u57ce\u6062\u590d\u5f00\u653e\u9996\u65e5\u88ab\u523b\u5b57 (la traducci\u00f3n ser\u00eda algo as\u00ed como \u00abGran Muralla destrozada el primer d\u00eda que reabri\u00f3\u00bb) se convirti\u00f3 en tendencia en Weibo, la plataforma de redes sociales m\u00e1s popular de China.<\/p>\n<p>\u00ab\u00bfC\u00f3mo es posible que se sucedan comportamientos tan incivilizados repetidamente?\u00bb, pregunt\u00f3 el usuario de Weibo Wuhan Luyoujia. \u00abCreo que estas personas deber\u00edan ser arrestadas y encerradas durante cinco d\u00edas para que aprendan la lecci\u00f3n\u00bb, remat\u00f3 el mismo ciudadano en uno de los muchos chats que recogi\u00f3 la plataforma.<\/p>\n<p>Como respuesta ante estos actos vand\u00e1licos, la Oficina de la Gran Muralla, responsable de los asuntos administrativos y p\u00fablicos dentro de la zona tur\u00edstica de Badaling, ha implementado una serie de nuevas medidas disciplinarias que se pusieron en marcha el pasado 6 de abril. Seg\u00fan public\u00f3 esta Oficina en su cuenta oficial de Weibo, se impondr\u00e1n \u00absanciones administrativas a siete tipos de vandalismo\u00bb, entre ellos el que trate de desfigurar la Muralla.<\/p>\n<h3 class=\"ladillo\">Una lista negra de turistas<\/h3>\n<p>Adem\u00e1s, los turistas vand\u00e1licos pasar\u00e1n a formar parte de una \u00ablista negra\u00bb que, adem\u00e1s, se dar\u00e1 a conocer regularmente para \u00abaumentar la conciencia y que la opini\u00f3n p\u00fablica ejerza presi\u00f3n\u00bb sobre ellos. La Oficina de la Gran Muralla estudia tambi\u00e9n la posibilidad de que los posibles delincuentes se enfrenten a restricciones al intentar comprar entradas online en el futuro, aunque no se especifica de qu\u00e9 tipo.<\/p>\n<p>Por su parte, la Oficina de Informaci\u00f3n del Gobierno Municipal de Beijing dijo que el condado de Yanqing est\u00e1 considerando prohibir el ingreso de aquellos turistas que est\u00e9n en la mencionada \u00ablista negra\u00bb a otras atracciones tur\u00edsticas del distrito. Adem\u00e1s, si han cometido un delito penal, los infractores ser\u00e1n entregados a la Polic\u00eda.<\/p>\n<p>Tanto los internautas como los medios de comunicaci\u00f3n chinos acogieron con entusiasmo el anuncio de estas nuevas restricciones y medidas, que buscan preservar la Gran Muralla.<\/p>\n<p>Fuente: ABC<\/p>\n","protected":false},"excerpt":{"rendered":"<p>El tramo de Bandaling de la Gran Muralla china, a <a href=\"https:\/\/sertv.gob.pa\/crisolfm\/la-gran-muralla-china-vandalizada-el-dia-de-su-apertura-tras-la-cuarentena-por-el-coronavirus\/\"> [&#8230;]<\/a><\/p>\n","protected":false},"author":64,"featured_media":27801,"comment_status":"closed","ping_status":"closed","sticky":false,"template":"","format":"standard","meta":{"footnotes":""},"categories":[6],"tags":[],"class_list":["post-27800","post","type-post","status-publish","format-standard","has-post-thumbnail","hentry","category-culturales"],"_links":{"self":[{"href":"https:\/\/sertv.gob.pa\/crisolfm\/wp-json\/wp\/v2\/posts\/27800","targetHints":{"allow":["GET"]}}],"collection":[{"href":"https:\/\/sertv.gob.pa\/crisolfm\/wp-json\/wp\/v2\/posts"}],"about":[{"href":"https:\/\/sertv.gob.pa\/crisolfm\/wp-json\/wp\/v2\/types\/post"}],"author":[{"embeddable":true,"href":"https:\/\/sertv.gob.pa\/crisolfm\/wp-json\/wp\/v2\/users\/64"}],"replies":[{"embeddable":true,"href":"https:\/\/sertv.gob.pa\/crisolfm\/wp-json\/wp\/v2\/comments?post=27800"}],"version-history":[{"count":1,"href":"https:\/\/sertv.gob.pa\/crisolfm\/wp-json\/wp\/v2\/posts\/27800\/revisions"}],"predecessor-version":[{"id":27802,"href":"https:\/\/sertv.gob.pa\/crisolfm\/wp-json\/wp\/v2\/posts\/27800\/revisions\/27802"}],"wp:featuredmedia":[{"embeddable":true,"href":"https:\/\/sertv.gob.pa\/crisolfm\/wp-json\/wp\/v2\/media\/27801"}],"wp:attachment":[{"href":"https:\/\/sertv.gob.pa\/crisolfm\/wp-json\/wp\/v2\/media?parent=27800"}],"wp:term":[{"taxonomy":"category","embeddable":true,"href":"https:\/\/sertv.gob.pa\/crisolfm\/wp-json\/wp\/v2\/categories?post=27800"},{"taxonomy":"post_tag","embeddable":true,"href":"https:\/\/sertv.gob.pa\/crisolfm\/wp-json\/wp\/v2\/tags?post=27800"}],"curies":[{"name":"wp","href":"https:\/\/api.w.org\/{rel}","templated":true}]}}