{"id":27820,"date":"2020-04-09T15:15:32","date_gmt":"2020-04-09T15:15:32","guid":{"rendered":"https:\/\/sertv.gob.pa\/crisolfm\/?p=27820"},"modified":"2020-04-09T15:15:32","modified_gmt":"2020-04-09T15:15:32","slug":"el-confinamiento-dispara-la-huella-de-co2-en-los-hogares","status":"publish","type":"post","link":"https:\/\/sertv.gob.pa\/crisolfm\/el-confinamiento-dispara-la-huella-de-co2-en-los-hogares\/","title":{"rendered":"El confinamiento dispara la huella de CO2 en los hogares"},"content":{"rendered":"<p class=\"entradilla\"><span class=\"csF7DD802\">Amaya Quincoces Riesco.-<\/span><span class=\"csF7DD802\">\u00a0Calefacci\u00f3n, electricidad, internet&#8230; el confinamiento por Covid-19 ha disparado la huella de CO2 de los hogares<\/span><span class=\"csF7DD802\">\u00a0y,\u00a0<\/span><span class=\"csF7DD802\">aunque las emisiones se han desplomado en el mundo, los expertos piden concienciarse de la eficiencia energ\u00e9tica dom\u00e9stica, incluida la digital no siempre \u00abverde\u00bb.\u00a0<\/span><\/p>\n<div id=\"SMIntext-reference-1586445168185\" class=\"SMIntext-reference SMIntext-reference-f0ef0131-1bc0-45ce-8d80-0dab10a7d3b0 desktop\">\n<p class=\"cs2EEDECB2\"><span class=\"csF7DD802\">Al mayor uso de la luz, la cocina o el horno estos d\u00edas en casa, se suman las pel\u00edculas y m\u00fasica por internet, las compras en l\u00ednea, y por supuesto el teletrabajo, con mayores conexiones digitales, telecomunicaciones y descargas de datos, que requieren grandes cantidades de energ\u00eda.<\/span><\/p>\n<p class=\"cs2EEDECB2\"><span class=\"csF7DD802\">Un reciente estudio desvela que 64 millones de conexiones por internet para visualizar la tercera edici\u00f3n de la serie de \u201cStranger Things\u201d en Netflix equivaldr\u00eda en t\u00e9rminos de energ\u00eda a recorrer en un coche con motor t\u00e9rmico unos 675 millones de kil\u00f3metros y a la producci\u00f3n de casi 190 millones de kilogramos de CO2.<\/span><\/p>\n<h2>Internet y las telecomunicaciones se disparan<\/h2>\n<p class=\"cs2EEDECB2\"><span class=\"csF7DD802\">Solo en los diez primeros d\u00edas de confinamiento en Espa\u00f1a frente al Covid-19,\u00a0el tr\u00e1fico de las redes IP (por internet) se increment\u00f3 casi un 40%, mientras las llamadas m\u00f3viles lo hac\u00edan el 50<\/span>\u00a0<span class=\"csF7DD802\">%, y el uso de datos por esas redes el 25<\/span>\u00a0<span class=\"csF7DD802\">%. Por otra parte, el tr\u00e1fico de plataformas de mensajer\u00eda instant\u00e1nea como\u00a0WhatsApp se multiplicaba por cinco, seg\u00fan los expertos.<\/span><\/p>\n<p class=\"cs2EEDECB2\"><span class=\"csF7DD802\">La digitalizaci\u00f3n y las comunicaciones tienen su impacto en la huella de carbono, por los muchos datos que consumen, por ejemplo, en descargas de v\u00eddeos, y otros tantos servicios e infraestructuras que exigen gran cantidad de energ\u00eda y que incluyen \u00f3ptica, cableado<\/span><span class=\"csF7DD802\">\u00a0o<\/span><span class=\"csF7DD802\">\u00a0centros de datos, insisten los expertos.\u00a0<\/span><\/p>\n<p class=\"cs2EEDECB2\"><span class=\"csF7DD802\">Desde la consultora Euro-Funding explican a Efe que aunque las conexiones digitales consumen gran cantidad de energ\u00eda, lo recomendable es considerar las opciones en t\u00e9rminos de eficiencia en su globalidad, dentro de un contexto. As\u00ed, explican que aunque el consumo digital no siempre se corresponde con energ\u00edas verdes, es menos sostenible utilizar el coche y salir a ver una pel\u00edcula en el cine, que visualizarla por internet en casa.<\/span><\/p>\n<p class=\"cs2EEDECB2\"><span class=\"csF7DD802\">La clave de la eficiencia exige \u201ctomar conciencia\u201d de las cosas, comparar opciones y optar por la m\u00e1s sostenible, explican desde Euro-Funding.<\/span><\/p>\n<p class=\"cs2EEDECB2\"><span class=\"csF7DD802\">Quedarse en casa para trabajar, por ejemplo, aumenta la huella de carbono dom\u00e9stica, pero el impacto aumentar\u00eda con el desplazamiento en autom\u00f3vil a la oficina, que a\u00f1adir\u00eda consumo de combustible, m\u00e1s lavadoras para cambiar cada d\u00eda de ropa y envases de pl\u00e1stico de un solo uso, por ejemplo, para comer fuera.<\/span><\/p>\n<p class=\"cs2EEDECB2\"><span class=\"csF7DD802\">Por su parte, Mar Satorras, investigadora del Urban Transformation and Global Change Laboratory (Turba Lab) IN3 de la Universitat Oberta de Catalunya (UOC),\u00a0anima a que en estos d\u00edas de confinamiento se adopten peque\u00f1as acciones m\u00e1s eficientes, con \u201csentido com\u00fan\u201d.<\/span><\/p>\n<p class=\"cs2EEDECB2\"><span class=\"csF7DD802\">En estos momentos \u201cno podemos salir a comprar bombillas ni electrodom\u00e9sticos m\u00e1s eficientes\u201d, pero s\u00ed poner la calefacci\u00f3n a una temperatura agradable, no demasiado alta, aprovechar la luz natural abriendo cortinas y persianas, secar la ropa al sol si se puede y mantener sin polvo las bombillas para mejorar la mayor luminosidad.\u00a0<\/span><\/p>\n<p class=\"cs2EEDECB2\"><span class=\"csF7DD802\">Tambi\u00e9n se puede contratar a alg\u00fan operador que apueste por energ\u00edas renovables y cambiar la tarifa de la luz, a\u00f1ade la experta.<\/span><\/p>\n<p class=\"cs2EEDECB2\"><span class=\"csF7DD802\">Desde la Fundaci\u00f3n Ecolog\u00eda y Desarrollo (Ecodes), su director, V\u00edctor Vi\u00f1uales ha instado a mantener \u201cun equilibrio\u201d entre las necesidades y los deseos, as\u00ed como \u201cmeditar\u201d sobre el actual modelo de hiperconsumismo, aprovechar la crisis para la autocontenci\u00f3n y descubrir lo importante en la vida.<\/span><\/p>\n<p class=\"cs2EEDECB2\"><span class=\"csF7DD802\">\u201cNo todo lo que se puede hacer, se debe hacer\u201d, asegura el soci\u00f3logo cofundador de Ecodes.<\/span><\/p>\n<p class=\"cs2EEDECB2\"><span class=\"csF7DD802\">Por su parte, el secretario general de WWF Espa\u00f1a, Juan Carlos del Olmo, precisa a Efe que internet \u201cparece algo inocente, pero cada vez que buscamos algo en Google, cualquier consulta, se consume energ\u00eda\u201d. \u201cTenemos que aprender a dosificarnos, no estar siempre conectados. Encontrar un equilibrio\u201d, a\u00f1ade.<\/span><\/p>\n<p class=\"cs2EEDECB2\"><span class=\"csF7DD802\">\u00a0Del Olmo valora, no obstante, que muchos de los grandes proveedores de internet est\u00e9n adoptando planes para que su energ\u00eda proceda de fuentes verdes. <\/span><\/p>\n<p class=\"cs2EEDECB2\"><span class=\"csF7DD802\">Fuente: EFEVerde<\/span><\/p>\n<\/div>\n","protected":false},"excerpt":{"rendered":"<p>Amaya Quincoces Riesco.-\u00a0Calefacci\u00f3n, electricidad, internet&#8230; el confinamiento por Covid-19 ha <a href=\"https:\/\/sertv.gob.pa\/crisolfm\/el-confinamiento-dispara-la-huella-de-co2-en-los-hogares\/\"> [&#8230;]<\/a><\/p>\n","protected":false},"author":64,"featured_media":27821,"comment_status":"closed","ping_status":"closed","sticky":false,"template":"","format":"standard","meta":{"footnotes":""},"categories":[7],"tags":[],"class_list":["post-27820","post","type-post","status-publish","format-standard","has-post-thumbnail","hentry","category-ecologicas"],"_links":{"self":[{"href":"https:\/\/sertv.gob.pa\/crisolfm\/wp-json\/wp\/v2\/posts\/27820","targetHints":{"allow":["GET"]}}],"collection":[{"href":"https:\/\/sertv.gob.pa\/crisolfm\/wp-json\/wp\/v2\/posts"}],"about":[{"href":"https:\/\/sertv.gob.pa\/crisolfm\/wp-json\/wp\/v2\/types\/post"}],"author":[{"embeddable":true,"href":"https:\/\/sertv.gob.pa\/crisolfm\/wp-json\/wp\/v2\/users\/64"}],"replies":[{"embeddable":true,"href":"https:\/\/sertv.gob.pa\/crisolfm\/wp-json\/wp\/v2\/comments?post=27820"}],"version-history":[{"count":1,"href":"https:\/\/sertv.gob.pa\/crisolfm\/wp-json\/wp\/v2\/posts\/27820\/revisions"}],"predecessor-version":[{"id":27822,"href":"https:\/\/sertv.gob.pa\/crisolfm\/wp-json\/wp\/v2\/posts\/27820\/revisions\/27822"}],"wp:featuredmedia":[{"embeddable":true,"href":"https:\/\/sertv.gob.pa\/crisolfm\/wp-json\/wp\/v2\/media\/27821"}],"wp:attachment":[{"href":"https:\/\/sertv.gob.pa\/crisolfm\/wp-json\/wp\/v2\/media?parent=27820"}],"wp:term":[{"taxonomy":"category","embeddable":true,"href":"https:\/\/sertv.gob.pa\/crisolfm\/wp-json\/wp\/v2\/categories?post=27820"},{"taxonomy":"post_tag","embeddable":true,"href":"https:\/\/sertv.gob.pa\/crisolfm\/wp-json\/wp\/v2\/tags?post=27820"}],"curies":[{"name":"wp","href":"https:\/\/api.w.org\/{rel}","templated":true}]}}