{"id":27823,"date":"2020-04-09T15:17:21","date_gmt":"2020-04-09T15:17:21","guid":{"rendered":"https:\/\/sertv.gob.pa\/crisolfm\/?p=27823"},"modified":"2020-04-09T15:17:21","modified_gmt":"2020-04-09T15:17:21","slug":"afirman-que-la-extraneza-del-mundo-cuantico-reside-en-la-teoria-de-la-relatividad","status":"publish","type":"post","link":"https:\/\/sertv.gob.pa\/crisolfm\/afirman-que-la-extraneza-del-mundo-cuantico-reside-en-la-teoria-de-la-relatividad\/","title":{"rendered":"Afirman que la extra\u00f1eza del mundo cu\u00e1ntico reside en la Teor\u00eda de la Relatividad"},"content":{"rendered":"<p>Desde sus inicios, hace ya casi un siglo, la Mec\u00e1nica Cu\u00e1ntica no ha dejado de sorprendernos con un buen n\u00famero de particularidades que resultan muy dif\u00edciles de entender. <strong>\u00bfPor qu\u00e9 una part\u00edcula parece pasar por dos ranuras a la vez?<\/strong> \u00bfPor qu\u00e9 en lugar de predicciones espec\u00edficas solo podemos hablar de probabilidades? Ahora, dos f\u00edsicos te\u00f3ricos de las universidades de Varsovia y Oxford afirman, por primera vez, que las caracter\u00edsticas m\u00e1s destacadas del mundo subat\u00f3mico podr\u00edan ser el resultado de la Teor\u00eda Especial de la Relatividad de Einstein, que hasta ahora parec\u00eda tener poco o nada que ver con la Mec\u00e1nica Cu\u00e1ntica.<\/p>\n<p>Desde la entrada en escena de la Mec\u00e1nica Cu\u00e1ntica y de la Teor\u00eda de la Relatividad, los f\u00edsicos han tratado de relacionar estos tres conceptos (tres, ya que hay dos teor\u00edas de la Relatividad, la especial y la general). Pero todos los esfuerzos han sido en vano. Nadie sabe a ciencia cierta por qu\u00e9 dos (o tres) <strong>teor\u00edas correctas y mil veces demostradas parecen ser incompatibles entre s\u00ed<\/strong> a la hora de describir la realidad. O dicho de otro modo: \u00bfC\u00f3mo es posible que los \u00abladrillos\u00bb de los que est\u00e1 hecha la materia respondan a leyes diferentes que los conjuntos de ladrillos, es decir, que la materia misma? Por consenso, se ha aceptado que la descripci\u00f3n de la realidad que hace la Mec\u00e1nica Cu\u00e1ntica es m\u00e1s \u00abfundamental\u00bb, y que por lo tanto la Relatividad tendr\u00e1 que ajustarse a ella y a sus predicciones.<\/p>\n<p>Pero Andrzej Dragan, de la Facultad de F\u00edsica de la Universidad de Varsovia, y <strong>Artur Ekert<\/strong>, de la de Oxford acaban de presentar en New Journal of Physics una conclusi\u00f3n muy diferente. En su art\u00edculo demuestran, en efecto, que las extra\u00f1as caracter\u00edsticas de la Mec\u00e1nica Cu\u00e1ntica, esas que determinan su singularidad y su exotismo no intuitivo y que la Ciencia acepta como axiomas, puede explicarse en el marco de la Teor\u00eda Especial de la Relatividad. El \u00fanico precio a pagar es el de dar un paso ciertamente \u00abpoco ortodoxo\u00bb.<\/p>\n<aside class=\"roba-intercalado sin-fondo layer_inpage\">\n<div id=\"google_ads_iframe_\/4900\/vocento.abc\/ciencia_8__container__\"><\/div>\n<\/aside>\n<h3 class=\"ladillo\">Los pilares de la relatividad<\/h3>\n<p>Einstein bas\u00f3 la relatividad especial en dos postulados diferentes. El primero se conoce como \u00abprincipio de relatividad galileano\u00bb y dice que la F\u00edsica es exactamente la misma en todos los sistemas de inercia, tanto en reposo como en movimiento constante en l\u00ednea recta. El segundo, formulado en base al <strong>famoso experimento de Michelson-Morley, impuso el requisito de una velocidad constante<\/strong> de la luz en cualquier sistema de referencia.<\/p>\n<p>\u00abEinstein consideraba que el segundo postulado era crucial -explica Dragan-. Pero en realidad, lo que es crucial es el principio de la relatividad. Ya en 1910, Vladimir Ignatowski demostr\u00f3 que bas\u00e1ndose solo en este principio es posible reconstruir todos los fen\u00f3menos relativistas de la teor\u00eda especial de la relatividad. Y en 1992, el profesor Andrzej Szymacha, de nuestra facultad, tambi\u00e9n present\u00f3 un razonamiento sorprendentemente simple, que conduce directamente del principio de relatividad al relativismo\u00bb.<\/p>\n<p>La Teor\u00eda Especial de la Relatividad es <strong>una estructura coherente que permite tres tipos matem\u00e1ticamente correctos de soluciones<\/strong>: un mundo de part\u00edculas que se mueven a velocidades subluminales, un mundo de part\u00edculas que se mueven a la velocidad de la luz y un mundo de part\u00edculas que se mueven a velocidades superluminales. La tercera opci\u00f3n, sin embargo, ha sido rechazada por no tener nada que ver con la realidad.<\/p>\n<h3 class=\"ladillo\">Las part\u00edculas superluminales<\/h3>\n<p>\u00bfPero qu\u00e9 pasar\u00eda, sugieren Dragan y Ekert, si tom\u00e1ramos en serio no solo una parte de la Teor\u00eda Especial de la Relatividad, sino toda ella, incluyendo el sistema superluminal?. En ese caso, escriben los investigadores, \u00abesperar\u00edamos ver paradojas de causa-efecto. Y nosotros vimos exactamente esos efectos, que son el n\u00facleo m\u00e1s profundo de la Mec\u00e1nica Cu\u00e1ntica\u00bb.<\/p>\n<p>Al principio, los dos te\u00f3ricos consideraron un caso simplificado: <strong>un espaciotiempo con los tres sistemas de soluciones<\/strong>, pero con una sola dimensi\u00f3n espacial (en lugar de tres) y una dimensi\u00f3n temporal (1+1). En ese escenario, una part\u00edcula que est\u00e1 en reposo en uno de los posibles sistemas de soluciones parece moverse m\u00e1s deprisa que la luz en el otro, lo que significa que, en s\u00ed misma, la superluminosidad tambi\u00e9n es relativa.<\/p>\n<p>En un espaciotiempo construido de este modo, los eventos no deterministas ocurren de forma natural. Y lo mismo sucede en el caso de emisiones de part\u00edculas subluminales.<\/p>\n<h3 class=\"ladillo\">Espaciotiempo 1+1<\/h3>\n<p>Los investigadores demostraron tambi\u00e9n que al tener en cuenta las soluciones superluminales de la teor\u00eda de Einstein, <strong>el movimiento de una part\u00edcula en m\u00faltiples trayectorias puede darse de forma simult\u00e1nea<\/strong> y natural en el espaciotiempo 1+1, y que una descripci\u00f3n del curso de los eventos requiere la introducci\u00f3n de una suma de amplitudes combinadas de probabilidad que indiquen la existencia de superposici\u00f3n de estados, un fen\u00f3meno que hasta ahora solo se hab\u00eda asociado a la Mec\u00e1nica Cu\u00e1ntica.<\/p>\n<p>En el caso de un espaciotiempo con tres dimensiones espaciales y una temporal (3+1), que es el que corresponde a nuestra realidad f\u00edsica, la situaci\u00f3n resulta m\u00e1s complicada, pero si se modifica ligeramente uno de los principios de la relatividad los resultados son los mismos que los hallados en el espaciotiempo de una sola dimensi\u00f3n (1+1).<\/p>\n<h3 class=\"ladillo\">Cambios en las dimensiones<\/h3>\n<p>\u00abAccidentalmente -afirma Dragan- notamos tambi\u00e9n la posibilidad de una interpretaci\u00f3n interesante del papel de las dimensiones individuales. Y es que en el sistema que parece superluminal para el observador, <strong>algunas dimensiones espaciotemporales parecen cambiar sus roles f\u00edsicos<\/strong>, de modo que solo una dimensi\u00f3n de la luz superluminal tiene car\u00e1cter espacial (la que se mueve a lo largo de la part\u00edcula). Las otras tres dimensiones parecen ser dimensiones de tiempo\u00bb.<\/p>\n<p>Un rasgo caracter\u00edstico de las dimensiones espaciales es que una part\u00edcula puede moverse en cualquier direcci\u00f3n o permanecer en reposo, mientras que en una dimensi\u00f3n de tiempo siempre se propaga en una \u00fanica direcci\u00f3n (en lenguaje cotidiano, la del envejecimiento, del pasado hacia el futuro). Por lo tanto, las tres dimensiones temporales del sistema superluminal con una sola dimensi\u00f3n espacial (1+3) significar\u00edan que las part\u00edculas envejecen tres veces simult\u00e1neamente.<\/p>\n<p>Ese proceso, observado desde un sistema subluminal, con tres dimensiones espaciales y una temporal (3+1), <strong>se ver\u00eda como si la part\u00edcula se moviera como una onda esf\u00e9rica<\/strong>, lo que lleva al famoso principio de Hugyens (cada punto en un frente de onda puede tratarse como la fuente de una nueva onda esf\u00e9rica) y al dualismo onda-materia.<\/p>\n<h3 class=\"ladillo\">\u00bfUna extra\u00f1eza no tan extra\u00f1a?<\/h3>\n<p>Al final, concluye Dragan, \u00abtoda la extra\u00f1eza que aparece cuando se consideran soluciones relacionadas con un sistema que parece superluminal resulta no ser m\u00e1s extra\u00f1a de lo que la teor\u00eda cu\u00e1ntica com\u00fanmente aceptada y verificada experimentalmente ha estado diciendo durante mucho tiempo. Por el contrario, teniendo en cuenta un sistema superluminal es posible, por lo menos en teor\u00eda, derivar algunos de los postulados de la Mec\u00e1nica Cu\u00e1ntica a partir de la Teor\u00eda Especial de la Relatividad, que generalmente era aceptada como resultado de otras razones m\u00e1s fundamentales\u00bb.<\/p>\n<p>Durante casi cien a\u00f1os,<strong> la Mec\u00e1nica Cu\u00e1ntica ha estado esperando una teor\u00eda \u00abm\u00e1s profunda\u00bb<\/strong> que permitiera explicar la naturaleza de sus misteriosos fen\u00f3menos. Pero si el razonamiento de Dragan y Ekert resiste el paso del tiempo, la Historia se burlar\u00eda cruelmente de todos los f\u00edsicos, ya que la teor\u00eda \u00abdesconocida\u00bb perseguida durante d\u00e9cadas para explicar la extra\u00f1eza de la Mec\u00e1nica Cu\u00e1ntica ser\u00eda algo que ya conoc\u00edamos desde el principio.<\/p>\n<p>Fuente: ABC<\/p>\n","protected":false},"excerpt":{"rendered":"<p>Desde sus inicios, hace ya casi un siglo, la Mec\u00e1nica <a href=\"https:\/\/sertv.gob.pa\/crisolfm\/afirman-que-la-extraneza-del-mundo-cuantico-reside-en-la-teoria-de-la-relatividad\/\"> [&#8230;]<\/a><\/p>\n","protected":false},"author":64,"featured_media":27824,"comment_status":"closed","ping_status":"closed","sticky":false,"template":"","format":"standard","meta":{"footnotes":""},"categories":[9],"tags":[],"class_list":["post-27823","post","type-post","status-publish","format-standard","has-post-thumbnail","hentry","category-varios"],"_links":{"self":[{"href":"https:\/\/sertv.gob.pa\/crisolfm\/wp-json\/wp\/v2\/posts\/27823","targetHints":{"allow":["GET"]}}],"collection":[{"href":"https:\/\/sertv.gob.pa\/crisolfm\/wp-json\/wp\/v2\/posts"}],"about":[{"href":"https:\/\/sertv.gob.pa\/crisolfm\/wp-json\/wp\/v2\/types\/post"}],"author":[{"embeddable":true,"href":"https:\/\/sertv.gob.pa\/crisolfm\/wp-json\/wp\/v2\/users\/64"}],"replies":[{"embeddable":true,"href":"https:\/\/sertv.gob.pa\/crisolfm\/wp-json\/wp\/v2\/comments?post=27823"}],"version-history":[{"count":1,"href":"https:\/\/sertv.gob.pa\/crisolfm\/wp-json\/wp\/v2\/posts\/27823\/revisions"}],"predecessor-version":[{"id":27825,"href":"https:\/\/sertv.gob.pa\/crisolfm\/wp-json\/wp\/v2\/posts\/27823\/revisions\/27825"}],"wp:featuredmedia":[{"embeddable":true,"href":"https:\/\/sertv.gob.pa\/crisolfm\/wp-json\/wp\/v2\/media\/27824"}],"wp:attachment":[{"href":"https:\/\/sertv.gob.pa\/crisolfm\/wp-json\/wp\/v2\/media?parent=27823"}],"wp:term":[{"taxonomy":"category","embeddable":true,"href":"https:\/\/sertv.gob.pa\/crisolfm\/wp-json\/wp\/v2\/categories?post=27823"},{"taxonomy":"post_tag","embeddable":true,"href":"https:\/\/sertv.gob.pa\/crisolfm\/wp-json\/wp\/v2\/tags?post=27823"}],"curies":[{"name":"wp","href":"https:\/\/api.w.org\/{rel}","templated":true}]}}