{"id":27826,"date":"2020-04-09T15:52:27","date_gmt":"2020-04-09T15:52:27","guid":{"rendered":"https:\/\/sertv.gob.pa\/crisolfm\/?p=27826"},"modified":"2020-04-09T15:52:27","modified_gmt":"2020-04-09T15:52:27","slug":"varias-aseguradoras-de-festivales-incluyeron-en-enero-el-coronavirus-como-clausula-para-no-cubrir-cancelaciones","status":"publish","type":"post","link":"https:\/\/sertv.gob.pa\/crisolfm\/varias-aseguradoras-de-festivales-incluyeron-en-enero-el-coronavirus-como-clausula-para-no-cubrir-cancelaciones\/","title":{"rendered":"Varias aseguradoras de festivales incluyeron en enero el coronavirus como cl\u00e1usula para no cubrir cancelaciones"},"content":{"rendered":"<p><strong>Ben Barbaud<\/strong>, el director de uno de los festivales de metal m\u00e1s importantes de Europa, el franc\u00e9s<strong> HellFest<\/strong>, asegura que todos los festivales est\u00e1n esperando nuevas prolongaciones del confinamiento por orden gubernamental para poder cancelar por causa de fuerza mayor, y as\u00ed poder cobrar el seguro.<\/p>\n<p>Pero seg\u00fan ha podido saber este peri\u00f3dico, la situaci\u00f3n no ser\u00eda exactamente as\u00ed para la gran mayor\u00eda de festivales en Espa\u00f1a. Una fuente de la industria de la m\u00fasica en vivo asegura que al menos en nuestro pa\u00eds, \u00abel pasado mes de enero las compa\u00f1\u00edas de seguros a\u00f1adieron el coronavirus como cl\u00e1usula para no cubrir cancelaciones, para el 99 por ciento de los festivales\u00bb, lo cual dejar\u00eda a sus organizadores en una situaci\u00f3n complicad\u00edsima si quisieran cancelar en lugar de aplazar. ABC ha podido confirmar que una de las grandes promotoras de festivales trat\u00f3 de negociar la adici\u00f3n de esta cl\u00e1usula a principios de a\u00f1o, \u00abpero las compa\u00f1\u00edas de seguros no quisieron\u00bb.<\/p>\n<p><strong>Sympathy for the Lawyer<\/strong>, un bufete de abogados especializado en m\u00fasica, explica que hay que comprobar c\u00f3mo est\u00e1 redactada la p\u00f3liza, especialmente el apartado de exclusiones. \u00abSi se excluye expresamente una causa de epidemia o fuerza mayor con una definici\u00f3n que encaje en la situaci\u00f3n actual, el seguro no lo cubre\u00bb. L\u00f3gicamente, las nuevas p\u00f3lizas firmadas a partir de ahora incluyen claramente una exclusi\u00f3n por coronavirus, \u00abpor lo que no habr\u00e1 duda que este tipo de cancelaci\u00f3n no estar\u00e1 cubierto\u00bb. Pero lo sorprendente es que las compa\u00f1\u00edas de seguros ya ten\u00edan las espaldas cubiertas con este asunto desde enero, cuando nadie se imaginaba este escenario ni por asomo.<\/p>\n<p>Esta cuesti\u00f3n, que sin duda es uno de los grandes desaf\u00edos para la industria de la m\u00fasica, a\u00fan no ha sido abordada en profundidad por el ministro de Cultura y Deporte, cuya comparecencia de este martes es calificada de \u00abmuy decepcionante\u00bb por la Asociaci\u00f3n de Promotoras Musicales, APM.<\/p>\n<p>Por esto, el <strong>aplazamiento <\/strong>es el \u00fanico salvavidas para los agentes de esta industria en estos momentos. Seg\u00fan Sympathy for the Lawyer, el p\u00fablico no est\u00e1 obligado a aceptar una nueva fecha y puede solicitar la devoluci\u00f3n de la entrada. Pero a la vista de los hechos no parece probable que lo consigan, ya que si el evento se aplaza, no hay obligaci\u00f3n de devolver el importe.<\/p>\n<p>Con el dinero recaudado con la venta de entradas, los festivales cubren el cincuenta por ciento del cach\u00e9 de los artistas (la otra mitad se paga una vez realizada la actuaci\u00f3n), la publicidad, el acondicionamiento de los recintos y otros gastos previos a la celebraci\u00f3n del evento. Es un dinero ya gastado que no pueden recuperar, de forma que si se viesen obligados a devolver el importe de las entradas por la crisis sanitaria, sin la cobertura de un seguro, la promotora quedar\u00eda en una terrible situaci\u00f3n financiera o ir\u00eda a la quiebra en caso de las menos poderosas. Este mismo mi\u00e9rcoles, un colectivo de profesionales del sector ha hecho un llamamiento al p\u00fablico para que \u201cno devuelva sus entradas\u201d y apoye as\u00ed a este gremio tan castigado por la pandemia.<\/p>\n<p>Fuente: ABC<\/p>\n","protected":false},"excerpt":{"rendered":"<p>Ben Barbaud, el director de uno de los festivales de <a href=\"https:\/\/sertv.gob.pa\/crisolfm\/varias-aseguradoras-de-festivales-incluyeron-en-enero-el-coronavirus-como-clausula-para-no-cubrir-cancelaciones\/\"> [&#8230;]<\/a><\/p>\n","protected":false},"author":64,"featured_media":27827,"comment_status":"closed","ping_status":"closed","sticky":false,"template":"","format":"standard","meta":{"footnotes":""},"categories":[6],"tags":[],"class_list":["post-27826","post","type-post","status-publish","format-standard","has-post-thumbnail","hentry","category-culturales"],"_links":{"self":[{"href":"https:\/\/sertv.gob.pa\/crisolfm\/wp-json\/wp\/v2\/posts\/27826","targetHints":{"allow":["GET"]}}],"collection":[{"href":"https:\/\/sertv.gob.pa\/crisolfm\/wp-json\/wp\/v2\/posts"}],"about":[{"href":"https:\/\/sertv.gob.pa\/crisolfm\/wp-json\/wp\/v2\/types\/post"}],"author":[{"embeddable":true,"href":"https:\/\/sertv.gob.pa\/crisolfm\/wp-json\/wp\/v2\/users\/64"}],"replies":[{"embeddable":true,"href":"https:\/\/sertv.gob.pa\/crisolfm\/wp-json\/wp\/v2\/comments?post=27826"}],"version-history":[{"count":1,"href":"https:\/\/sertv.gob.pa\/crisolfm\/wp-json\/wp\/v2\/posts\/27826\/revisions"}],"predecessor-version":[{"id":27828,"href":"https:\/\/sertv.gob.pa\/crisolfm\/wp-json\/wp\/v2\/posts\/27826\/revisions\/27828"}],"wp:featuredmedia":[{"embeddable":true,"href":"https:\/\/sertv.gob.pa\/crisolfm\/wp-json\/wp\/v2\/media\/27827"}],"wp:attachment":[{"href":"https:\/\/sertv.gob.pa\/crisolfm\/wp-json\/wp\/v2\/media?parent=27826"}],"wp:term":[{"taxonomy":"category","embeddable":true,"href":"https:\/\/sertv.gob.pa\/crisolfm\/wp-json\/wp\/v2\/categories?post=27826"},{"taxonomy":"post_tag","embeddable":true,"href":"https:\/\/sertv.gob.pa\/crisolfm\/wp-json\/wp\/v2\/tags?post=27826"}],"curies":[{"name":"wp","href":"https:\/\/api.w.org\/{rel}","templated":true}]}}