{"id":27830,"date":"2020-04-13T16:02:34","date_gmt":"2020-04-13T16:02:34","guid":{"rendered":"https:\/\/sertv.gob.pa\/crisolfm\/?p=27830"},"modified":"2020-04-13T16:02:34","modified_gmt":"2020-04-13T16:02:34","slug":"micultura-prepara-estrategias-post-covid-19","status":"publish","type":"post","link":"https:\/\/sertv.gob.pa\/crisolfm\/micultura-prepara-estrategias-post-covid-19\/","title":{"rendered":"MiCultura prepara estrategias post Covid-19"},"content":{"rendered":"<div dir=\"auto\">El ministerio de Cultura trabaja en una serie de acciones que, dentro del sector de las artes, la cultura y el entretenimiento, ayuden a la reactivaci\u00f3n de las industrias creativas del pa\u00eds una vez se supere la crisis causada por el Covid-19.<\/div>\n<div dir=\"auto\">Carlos Aguilar Navarro, ministro de Cultura, explic\u00f3 que la reactivaci\u00f3n de los sectores art\u00edsticos y culturales se dar\u00e1 de manera paulatina, con una visi\u00f3n integral de la sociedad en tiempos de pandemia.<\/div>\n<div dir=\"auto\"><\/div>\n<div dir=\"auto\">\u201cEstos son puntos estrat\u00e9gicos de an\u00e1lisis que el equipo directivo del ministerio se ha planteado para establecer acciones que puedan mitigar alguno de los efectos cr\u00edticos que se presentan ante este desaf\u00edo econ\u00f3mico que atraviesa el pa\u00eds\u201d, manifest\u00f3 el titular de cultura.<\/div>\n<div dir=\"auto\">Mientras tanto, el ministerio de Cultura, contin\u00faa con su gesti\u00f3n diaria, apoyando las acciones del Plan Panam\u00e1 Solidario que tambi\u00e9n llega a la comunidad cultural que forma parte de la poblaci\u00f3n de 1.3 millones de paname\u00f1os que se ver\u00e1n beneficiadas con esta importante ayuda y desarrollando iniciativas para acompa\u00f1ar a la ciudadan\u00eda con eventos como #MiCulturaenCasa con transmisiones en formato \u201cLive Streaming\u201d de conciertos, obras de teatro y pel\u00edculas, el reto #PonteEnlaHistoria que busca recrear momentos hist\u00f3ricos desde el hogar, la visita virtual al Teatro Nacional y la promoci\u00f3n de m\u00f3dulos gratuitos para aprender a escribir, publicar y vender en l\u00ednea libros.<\/div>\n<div dir=\"auto\"><\/div>\n<div dir=\"auto\">Para aportar en t\u00e1cticas que promuevan la reactivaci\u00f3n de las industrias creativas del pa\u00eds, el registro \u201cS\u00famate Ya\u201d se constituye en una herramienta que est\u00e1 dando resultados, ya que en la actualidad cuenta con un inventario de 2,500 emprendedores culturales identificados que podr\u00e1n participar de las oportunidades que se presenten en materia de reactivaci\u00f3n de las industrias creativas.<\/div>\n<div dir=\"auto\">Maru G\u00e1lvez, Directora de Econom\u00eda Creativa, destac\u00f3 que los sectores con mayores registros son las artes esc\u00e9nicas con un 35%, artes visuales con el 27%, un 14% de identificados para el sector de dise\u00f1o, en patrimonio y turismo cultural un 5%, emprendedores de medios de comunicaci\u00f3n un 5%, mientras que en gastronom\u00eda un 3%, literatura con un 3%, e innovaci\u00f3n y tecnolog\u00eda con un 2%, pero hace falta que m\u00e1s emprendedores se registren para tener la informaci\u00f3n lo m\u00e1s completa y actualizada posible.<\/div>\n<div dir=\"auto\"><\/div>\n<div dir=\"auto\">G\u00e1lvez agreg\u00f3 que pr\u00f3ximamente se lanzar\u00e1 una encuesta de impacto del COVID-19 por sector para tener una l\u00ednea base que permita destinar esfuerzos, junto con la empresa privada y la comunidad art\u00edstica y cultural, adicionen estrategias post Covid-19.<\/div>\n<div dir=\"auto\">\u201cEstamos adelantando programas de capacitaci\u00f3n de las industrias creativas y culturales con una serie de iniciativas de Fondos No Reembolsables para emprendedores culturales que estaban programados para los \u00faltimos meses del a\u00f1o, sin embargo, lo estamos proponiendo para aplicarlos lo m\u00e1s pronto posible\u201d, resalt\u00f3 G\u00e1lvez.<\/div>\n<div dir=\"auto\"><\/div>\n<div dir=\"auto\">De hecho, los programas de capacitaci\u00f3n y de los fondos no rembolsables para emprendedores culturales provienen de un pr\u00e9stamo del Banco Interamericano de Desarrollo (BID) asignado a iniciativas de patrimonio cultural.<\/div>\n<div dir=\"auto\">En el caso del programa de capacitaci\u00f3n, se destinar\u00e1n los fondos para poder trabajar con unos 1,000 emprendedores, mientras que, en el programa de los fondos no reembolsables, ser\u00eda para 100 emprendedores culturales, aproximadamente.<\/div>\n<div dir=\"auto\"><\/div>\n<div dir=\"auto\">\u201cConscientes de los efectos y del impacto social y econ\u00f3mico que se avecina, creemos que es momento para que juntos reconozcamos el gran aporte que la cultura le da al ser humano y al bienestar mental de los ciudadanos, en donde todos los sectores colaboramos arm\u00f3nicamente en ayudar al crecimiento creativo y econ\u00f3mico de las industrias creativas y estamos juntos buscando soluciones, para aplicarlas una vez superada la crisis pand\u00e9mica\u201d, agreg\u00f3 el ministro Aguilar Navarro.<\/div>\n","protected":false},"excerpt":{"rendered":"<p>El ministerio de Cultura trabaja en una serie de acciones <a href=\"https:\/\/sertv.gob.pa\/crisolfm\/micultura-prepara-estrategias-post-covid-19\/\"> [&#8230;]<\/a><\/p>\n","protected":false},"author":64,"featured_media":27392,"comment_status":"closed","ping_status":"closed","sticky":false,"template":"","format":"standard","meta":{"footnotes":""},"categories":[6],"tags":[],"class_list":["post-27830","post","type-post","status-publish","format-standard","has-post-thumbnail","hentry","category-culturales"],"_links":{"self":[{"href":"https:\/\/sertv.gob.pa\/crisolfm\/wp-json\/wp\/v2\/posts\/27830","targetHints":{"allow":["GET"]}}],"collection":[{"href":"https:\/\/sertv.gob.pa\/crisolfm\/wp-json\/wp\/v2\/posts"}],"about":[{"href":"https:\/\/sertv.gob.pa\/crisolfm\/wp-json\/wp\/v2\/types\/post"}],"author":[{"embeddable":true,"href":"https:\/\/sertv.gob.pa\/crisolfm\/wp-json\/wp\/v2\/users\/64"}],"replies":[{"embeddable":true,"href":"https:\/\/sertv.gob.pa\/crisolfm\/wp-json\/wp\/v2\/comments?post=27830"}],"version-history":[{"count":1,"href":"https:\/\/sertv.gob.pa\/crisolfm\/wp-json\/wp\/v2\/posts\/27830\/revisions"}],"predecessor-version":[{"id":27831,"href":"https:\/\/sertv.gob.pa\/crisolfm\/wp-json\/wp\/v2\/posts\/27830\/revisions\/27831"}],"wp:featuredmedia":[{"embeddable":true,"href":"https:\/\/sertv.gob.pa\/crisolfm\/wp-json\/wp\/v2\/media\/27392"}],"wp:attachment":[{"href":"https:\/\/sertv.gob.pa\/crisolfm\/wp-json\/wp\/v2\/media?parent=27830"}],"wp:term":[{"taxonomy":"category","embeddable":true,"href":"https:\/\/sertv.gob.pa\/crisolfm\/wp-json\/wp\/v2\/categories?post=27830"},{"taxonomy":"post_tag","embeddable":true,"href":"https:\/\/sertv.gob.pa\/crisolfm\/wp-json\/wp\/v2\/tags?post=27830"}],"curies":[{"name":"wp","href":"https:\/\/api.w.org\/{rel}","templated":true}]}}