{"id":27832,"date":"2020-04-13T16:08:41","date_gmt":"2020-04-13T16:08:41","guid":{"rendered":"https:\/\/sertv.gob.pa\/crisolfm\/?p=27832"},"modified":"2020-04-13T16:08:41","modified_gmt":"2020-04-13T16:08:41","slug":"los-primeros-humanos-de-la-amazonia-cultivaban-plantas","status":"publish","type":"post","link":"https:\/\/sertv.gob.pa\/crisolfm\/los-primeros-humanos-de-la-amazonia-cultivaban-plantas\/","title":{"rendered":"Los primeros humanos de la Amazonia cultivaban plantas"},"content":{"rendered":"<p class=\"entradilla\">Los primeros humanos que llegaron a la Amazonia, hace unos 10.000 a\u00f1os, crearon miles de islas de bosque y domesticaron plantas silvestres para su consumo, seg\u00fan un estudio internacional en el que han participado\u00a0 investigadores de la Universidad Pompeu Fabra (UPF), de Barcelona, y publicado en la revista \u00abNature\u00bb.<\/p>\n<p>El art\u00edculo, centrado en la actual \u00e1rea de <strong>Llanos de Moxos<\/strong>, en el norte de Bolivia, demuestra c\u00f3mo las primeras peque\u00f1as comunidades de la regi\u00f3n empezaron a modelar el paisaje de la Amazonia con cultivos y mont\u00edculos artificiales de bosque unos 8.000 a\u00f1os antes de lo que se pensaba.<\/p>\n<p>La zona geogr\u00e1fica analizada, dominada por la sabana, sufre inundaciones de diciembre a marzo y es extremadamente seca de julio a octubre, unas condiciones climatol\u00f3gicas que llev\u00f3 a los primeros habitantes de la regi\u00f3n a crear terrenos que se mantuvieran por encima del nivel de agua para que los \u00e1rboles pudieran crecer.<\/p>\n<h2>El norte de Bolivia, primera zona de domesticaci\u00f3n de plantas<\/h2>\n<div id=\"attachment_149076\" class=\"wp-caption alignright\">\n<p id=\"caption-attachment-149076\" class=\"wp-caption-text\">\n<\/div>\n<p>La investigaci\u00f3n confirma que esta parte de la Amazonia es uno de los <strong>primeros territorios de domesticaci\u00f3n de plantas en el mundo<\/strong>, con especies como la mandioca, la calabaza, el ma\u00edz y el cacahuete, seg\u00fan demuestran las c\u00e9lulas silicificadas de plantas, llamadas fitolitos, que los expertos han encontrado bien conservadas en los bosques tropicales.<\/p>\n<p>El estudio apunta que las primeros humanos en la regi\u00f3n <strong>cultivaron especies que eran f\u00e1ciles de cocinar<\/strong> y proporcionaban una parte considerable de las calor\u00edas necesarias junto con pescado, un poco de carne y recursos obtenidos por recolecci\u00f3n.<\/p>\n<p>El trabajo de los investigadores sobre el terreno, desarrollado durante a\u00f1os, ha consistido en un <strong>an\u00e1lisis regional a gran escala de 61 yacimientos arqueol\u00f3gicos<\/strong>, ocultos actualmente por manchas de bosque rodeadas de sabana, que pudieron ser identificados previamente por teledetecci\u00f3n v\u00eda sat\u00e9lite.<\/p>\n<p>En conjunto, se recuperaron <strong>muestras de una trentena de islas forestales<\/strong> y se realizaron excavaciones en cuatro de ellas, donde se obtuvieron restos de sedimentos para tareas de dataci\u00f3n con radiocarbono y an\u00e1lisis de fitolitos con el objetivo de determinar qu\u00e9 especies vegetales se cultivaban.<\/p>\n<p>Se trata de un estudio sin precedentes, seg\u00fan su coordinador, Umberto Lombardo, de la Universidad de Berna, que asegur\u00f3 en un comunicado que hasta la fecha \u201clos cient\u00edficos no hab\u00edan buscado ni excavado yacimientos arqueol\u00f3gicos antiguos de esta regi\u00f3n que pudieran documentar la domesticaci\u00f3n precolombina de cultivos de importancia global\u201d como los cacahuetes, algunas variedades de guindilla o la jud\u00eda denominada \u201cjack bean\u201d, adem\u00e1s de la mandioca y la calabaza.<\/p>\n<p>El trabajo ha contado con la participaci\u00f3n de los expertos Jos\u00e9 Iriarte y Lautaro Hilbert, de la Universidad de Exeter; Heinz Veit, de la Universidad de Berna; Jos\u00e9 Capriles, de la Universidad Estatal de Pensilvania, y el espa\u00f1ol Javier Ruiz-P\u00e9rez, investigador predoctoral y miembro del Grupo de Investigaci\u00f3n \u201cCulture and Socio-Ecological Dynamics\u201d del departamento de Humanidades de la UPF, bajo la direcci\u00f3n del profesor Marco Madella.<\/p>\n<h2>Se comenz\u00f3 a trasformar el paisaje en el Holoceno<\/h2>\n<p>Ruiz-P\u00e9rez explic\u00f3 en una entrevista telef\u00f3nica con EFEverde que la investigaci\u00f3n desarrollada ayuda a comprender las \u201c<strong>din\u00e1micas de expansi\u00f3n de los humanos<\/strong>\u201d en la zona, algo que hasta ahora \u201cse conoc\u00eda\u201d pero carec\u00eda de documentaci\u00f3n consistente.<\/p>\n<p>\u201cAntes, se cre\u00eda que la Amazonia era un espacio hostil para las personas y ahora hemos demostrado que no, que fue un \u00e1rea muy importante de domesticaci\u00f3n de plantas silvestres que despu\u00e9s ser\u00edan cultivadas para el consumo\u201d, remarc\u00f3 el investigador de la UPF.<\/p>\n<p>Adem\u00e1s insisti\u00f3 en el valor cient\u00edfico del estudio al certificar que \u201clas poblaciones humanas aparecieron en el suroeste de la regi\u00f3n desde el inicio del Holoceno\u201d, cuando se empez\u00f3 a transformar un paisaje que desde entonces no ha dejado de mutar.<\/p>\n<p>Fuente: EFEverde<\/p>\n","protected":false},"excerpt":{"rendered":"<p>Los primeros humanos que llegaron a la Amazonia, hace unos <a href=\"https:\/\/sertv.gob.pa\/crisolfm\/los-primeros-humanos-de-la-amazonia-cultivaban-plantas\/\"> [&#8230;]<\/a><\/p>\n","protected":false},"author":64,"featured_media":27833,"comment_status":"closed","ping_status":"closed","sticky":false,"template":"","format":"standard","meta":{"footnotes":""},"categories":[7],"tags":[],"class_list":["post-27832","post","type-post","status-publish","format-standard","has-post-thumbnail","hentry","category-ecologicas"],"_links":{"self":[{"href":"https:\/\/sertv.gob.pa\/crisolfm\/wp-json\/wp\/v2\/posts\/27832","targetHints":{"allow":["GET"]}}],"collection":[{"href":"https:\/\/sertv.gob.pa\/crisolfm\/wp-json\/wp\/v2\/posts"}],"about":[{"href":"https:\/\/sertv.gob.pa\/crisolfm\/wp-json\/wp\/v2\/types\/post"}],"author":[{"embeddable":true,"href":"https:\/\/sertv.gob.pa\/crisolfm\/wp-json\/wp\/v2\/users\/64"}],"replies":[{"embeddable":true,"href":"https:\/\/sertv.gob.pa\/crisolfm\/wp-json\/wp\/v2\/comments?post=27832"}],"version-history":[{"count":1,"href":"https:\/\/sertv.gob.pa\/crisolfm\/wp-json\/wp\/v2\/posts\/27832\/revisions"}],"predecessor-version":[{"id":27834,"href":"https:\/\/sertv.gob.pa\/crisolfm\/wp-json\/wp\/v2\/posts\/27832\/revisions\/27834"}],"wp:featuredmedia":[{"embeddable":true,"href":"https:\/\/sertv.gob.pa\/crisolfm\/wp-json\/wp\/v2\/media\/27833"}],"wp:attachment":[{"href":"https:\/\/sertv.gob.pa\/crisolfm\/wp-json\/wp\/v2\/media?parent=27832"}],"wp:term":[{"taxonomy":"category","embeddable":true,"href":"https:\/\/sertv.gob.pa\/crisolfm\/wp-json\/wp\/v2\/categories?post=27832"},{"taxonomy":"post_tag","embeddable":true,"href":"https:\/\/sertv.gob.pa\/crisolfm\/wp-json\/wp\/v2\/tags?post=27832"}],"curies":[{"name":"wp","href":"https:\/\/api.w.org\/{rel}","templated":true}]}}