{"id":27847,"date":"2020-04-15T15:42:26","date_gmt":"2020-04-15T15:42:26","guid":{"rendered":"https:\/\/sertv.gob.pa\/crisolfm\/?p=27847"},"modified":"2020-04-15T15:42:26","modified_gmt":"2020-04-15T15:42:26","slug":"industrias-creativas-incluidas-en-plan-panama-solidario","status":"publish","type":"post","link":"https:\/\/sertv.gob.pa\/crisolfm\/industrias-creativas-incluidas-en-plan-panama-solidario\/","title":{"rendered":"Industrias creativas incluidas en Plan Panam\u00e1 Solidario"},"content":{"rendered":"<p><b><strong><span style=\"font-style: inherit;font-weight: inherit\">Panam\u00e1<\/span><\/strong><\/b><span style=\"font-style: inherit;font-weight: inherit\">\u00a0<\/span><b><strong><span style=\"font-style: inherit;font-weight: inherit\">12 de abril de 2020. El<\/span><\/strong><\/b><span style=\"font-style: inherit;font-weight: inherit\">\u00a0Gobierno Nacional, a trav\u00e9s del ministerio de Cultura, ha manifestado el apoyo a los grupos de profesionales de las artes y la cultura del pa\u00eds que, como poblaci\u00f3n econ\u00f3micamente activa, se han visto afectados por la crisis Covid-19.<\/span><\/p>\n<p><span style=\"font-style: inherit;font-weight: inherit\">En reuniones recientes con representantes de la comunidad art\u00edstica y cultural se ha informado sobre las acciones de ayuda solidaria, en donde el gobierno anunci\u00f3 que se dispondr\u00e1 de todo el recurso necesario para que las familias paname\u00f1as tengan acceso a alimentos, medicinas y a servicios b\u00e1sicos como agua, luz el\u00e9ctrica, aseo y servicios de internet.\u00a0<\/span><\/p>\n<p><span style=\"font-style: inherit;font-weight: inherit\">\u201cEn atenci\u00f3n a las necesidades de los hogares impactados por la crisis Covid-19, el Gobierno Nacional ejecuta el Plan Panam\u00e1 Solidario, en el cual rubros como las industrias creativas y culturales est\u00e1n incluidos en esta asignaci\u00f3n\u201d; explic\u00f3 el ministro de Cultura, Carlos Aguilar Navarro.<\/span><\/p>\n<p><span style=\"font-style: inherit;font-weight: inherit\">A criterio del ministro, esta coyuntura nos coloca en un momento para ver de manera integral la colaboraci\u00f3n de todos los sectores para dar la mano a las personas que m\u00e1s lo necesiten, entre ellos los profesionales de sectores formales e informales en cada disciplina que, por efectos de esta dif\u00edcil situaci\u00f3n, requieren de la asistencia de todos, unidos como paname\u00f1os.<\/span><\/p>\n<p><span style=\"font-style: inherit;font-weight: inherit\">De igual manera, se trata de una oportunidad para reflexionar y apreciar en su justa magnitud lo que significa la cultura en la vida de cada uno de nosotros, reconociendo el talento nacional y mantener el bienestar emocional de los ciudadanos.<\/span><\/p>\n<p><span style=\"font-style: inherit;font-weight: inherit\">Entre los planes que tiene la instituci\u00f3n, una vez se supere la pandemia, figuran darle continuidad al proyecto Mi Cultura en Casa y desarrollar m\u00e1s actividades culturales en el pa\u00eds con el apoyo de la comunidad art\u00edstica local que de manera paulatina, logren el fomento y la recuperaci\u00f3n del ritmo econ\u00f3mico en Panam\u00e1.<\/span><\/p>\n<p>Fuente: MI CULTURA<\/p>\n","protected":false},"excerpt":{"rendered":"<p>Panam\u00e1\u00a012 de abril de 2020. El\u00a0Gobierno Nacional, a trav\u00e9s del <a href=\"https:\/\/sertv.gob.pa\/crisolfm\/industrias-creativas-incluidas-en-plan-panama-solidario\/\"> [&#8230;]<\/a><\/p>\n","protected":false},"author":64,"featured_media":27848,"comment_status":"closed","ping_status":"closed","sticky":false,"template":"","format":"standard","meta":{"footnotes":""},"categories":[6],"tags":[],"class_list":["post-27847","post","type-post","status-publish","format-standard","has-post-thumbnail","hentry","category-culturales"],"_links":{"self":[{"href":"https:\/\/sertv.gob.pa\/crisolfm\/wp-json\/wp\/v2\/posts\/27847","targetHints":{"allow":["GET"]}}],"collection":[{"href":"https:\/\/sertv.gob.pa\/crisolfm\/wp-json\/wp\/v2\/posts"}],"about":[{"href":"https:\/\/sertv.gob.pa\/crisolfm\/wp-json\/wp\/v2\/types\/post"}],"author":[{"embeddable":true,"href":"https:\/\/sertv.gob.pa\/crisolfm\/wp-json\/wp\/v2\/users\/64"}],"replies":[{"embeddable":true,"href":"https:\/\/sertv.gob.pa\/crisolfm\/wp-json\/wp\/v2\/comments?post=27847"}],"version-history":[{"count":1,"href":"https:\/\/sertv.gob.pa\/crisolfm\/wp-json\/wp\/v2\/posts\/27847\/revisions"}],"predecessor-version":[{"id":27849,"href":"https:\/\/sertv.gob.pa\/crisolfm\/wp-json\/wp\/v2\/posts\/27847\/revisions\/27849"}],"wp:featuredmedia":[{"embeddable":true,"href":"https:\/\/sertv.gob.pa\/crisolfm\/wp-json\/wp\/v2\/media\/27848"}],"wp:attachment":[{"href":"https:\/\/sertv.gob.pa\/crisolfm\/wp-json\/wp\/v2\/media?parent=27847"}],"wp:term":[{"taxonomy":"category","embeddable":true,"href":"https:\/\/sertv.gob.pa\/crisolfm\/wp-json\/wp\/v2\/categories?post=27847"},{"taxonomy":"post_tag","embeddable":true,"href":"https:\/\/sertv.gob.pa\/crisolfm\/wp-json\/wp\/v2\/tags?post=27847"}],"curies":[{"name":"wp","href":"https:\/\/api.w.org\/{rel}","templated":true}]}}