{"id":27850,"date":"2020-04-15T15:46:05","date_gmt":"2020-04-15T15:46:05","guid":{"rendered":"https:\/\/sertv.gob.pa\/crisolfm\/?p=27850"},"modified":"2020-04-15T15:46:05","modified_gmt":"2020-04-15T15:46:05","slug":"un-estudio-relaciona-menor-temperatura-con-mayor-incidencia-de-covid-19","status":"publish","type":"post","link":"https:\/\/sertv.gob.pa\/crisolfm\/un-estudio-relaciona-menor-temperatura-con-mayor-incidencia-de-covid-19\/","title":{"rendered":"Un estudio relaciona menor temperatura con mayor incidencia de COVID-19"},"content":{"rendered":"<p class=\"entradilla\"><span class=\"csCF2ECC95\">El \u00edndice de afectaci\u00f3n del coronavirus o COVID-19 en Espa\u00f1a aumenta a menor temperatura promedio, seg\u00fan se desprende de un estudio liderado por la Agencia Estatal de Meteorolog\u00eda (Aemet) y el Instituto de Salud Carlos III (ISCIII).<\/span><\/p>\n<p class=\"csAD7A2888\"><span class=\"csCF2ECC95\">Los resultados preliminares del estudio, publicados hoy por el <strong>Ministerio para la Transici\u00f3n Ecol\u00f3gica y el Reto Demogr\u00e1fico<\/strong> (Miteco), comparan el \u00edndice de incidencia acumulado en los \u00faltimos 14 d\u00edas definido como n\u00famero de contagios nuevos diarios por cada 100.000 habitantes con la <strong>temperatura promedio<\/strong> correspondiente al mismo per\u00edodo en todas las comunidades aut\u00f3nomas.<\/span><\/p>\n<p class=\"csAD7A2888\"><span class=\"csCF2ECC95\">La investigaci\u00f3n conjunta de la <strong>Aemet<\/strong>, dependiente del Miteco, y el <strong>ISCIII<\/strong>, adscrito al Ministerio de Ciencia e Innovaci\u00f3n, estudia la influencia de variables meteorol\u00f3gicas y de la contaminaci\u00f3n atmosf\u00e9rica en la incidencia y propagaci\u00f3n de la enfermedad en Espa\u00f1a para con el fin de desarrollar un sistema de vigilancia y contenci\u00f3n epidemiol\u00f3gica a nivel estatal basado en la alerta temprana y en la monitorizaci\u00f3n de dichos factores ambientales.<\/span><\/p>\n<h2>Factores ambientales<\/h2>\n<p class=\"csAD7A2888\"><span class=\"csCF2ECC95\">Al comparar el n\u00famero de contagios nuevos diarios por cada 100.000 habitantes con la temperatura promedio de ese per\u00edodo, los resultados indicaron la existencia de una <strong>correlaci\u00f3n negativa entre ambos<\/strong>, es decir, a <strong>menor temperatura promedio, mayor incidencia<\/strong>, en consonancia con lo obtenido en otras investigaciones internacionales, y este patr\u00f3n se repite durante el per\u00edodo analizado, desde el 26 de marzo hasta el 5 de abril.<\/span><\/p>\n<p class=\"csAD7A2888\"><span class=\"csCF2ECC95\">Seg\u00fan explica el Miteco, investigaciones recientes en relaci\u00f3n a la propagaci\u00f3n de la COVID-19 y el Virus SAR-COV-2 indican tambi\u00e9n que la humedad del aire puede incidir en la propagaci\u00f3n y transmisi\u00f3n de la enfermedad, principalmente en el sentido de que las altas temperaturas y la alta humedad reducen significativamente la transmisi\u00f3n y propagaci\u00f3n del virus.<\/span><\/p>\n<h2>Diagn\u00f3stico y prevenci\u00f3n<\/h2>\n<p class=\"csAD7A2888\"><span class=\"csCF2ECC95\">De este modo, la llegada de la temporada primaveral en el hemisferio Norte <strong>podr\u00eda reducir efectivamente la transmisi\u00f3n de la enfermedad COVID-19<\/strong>, subraya el estudio, que analiza asimismo si otro tipo de factores ambientales, como la contaminaci\u00f3n atmosf\u00e9rica y en especial las concentraciones de part\u00edculas PM10, pueden agravar la enfermedad.<\/span><\/p>\n<p class=\"csAD7A2888\"><span class=\"csCF2ECC95\">Los resultados -subraya el Ministerio- permitir\u00e1n investigar con mayor especificidad sobre el <strong>impacto de estos factores ambientales<\/strong> en la <strong>incidencia y propagaci\u00f3n de la enfermedad COVID-19<\/strong> a trav\u00e9s de otras variables en salud, tales como ingresos hospitalarios, ingresos en UCI y mortalidad, mejorando as\u00ed la identificaci\u00f3n de zonas de riesgo en tiempo real a nivel provincial y dise\u00f1ar estrategias de diagn\u00f3stico y prevenci\u00f3n para la gesti\u00f3n de medidas de actuaci\u00f3n adecuadas desde el \u00e1mbito de la salud p\u00fablica. <\/span><\/p>\n<p class=\"csAD7A2888\"><span class=\"csCF2ECC95\">Fuente: EFEverde<\/span><\/p>\n","protected":false},"excerpt":{"rendered":"<p>El \u00edndice de afectaci\u00f3n del coronavirus o COVID-19 en Espa\u00f1a <a href=\"https:\/\/sertv.gob.pa\/crisolfm\/un-estudio-relaciona-menor-temperatura-con-mayor-incidencia-de-covid-19\/\"> [&#8230;]<\/a><\/p>\n","protected":false},"author":64,"featured_media":27851,"comment_status":"closed","ping_status":"closed","sticky":false,"template":"","format":"standard","meta":{"footnotes":""},"categories":[7],"tags":[],"class_list":["post-27850","post","type-post","status-publish","format-standard","has-post-thumbnail","hentry","category-ecologicas"],"_links":{"self":[{"href":"https:\/\/sertv.gob.pa\/crisolfm\/wp-json\/wp\/v2\/posts\/27850","targetHints":{"allow":["GET"]}}],"collection":[{"href":"https:\/\/sertv.gob.pa\/crisolfm\/wp-json\/wp\/v2\/posts"}],"about":[{"href":"https:\/\/sertv.gob.pa\/crisolfm\/wp-json\/wp\/v2\/types\/post"}],"author":[{"embeddable":true,"href":"https:\/\/sertv.gob.pa\/crisolfm\/wp-json\/wp\/v2\/users\/64"}],"replies":[{"embeddable":true,"href":"https:\/\/sertv.gob.pa\/crisolfm\/wp-json\/wp\/v2\/comments?post=27850"}],"version-history":[{"count":1,"href":"https:\/\/sertv.gob.pa\/crisolfm\/wp-json\/wp\/v2\/posts\/27850\/revisions"}],"predecessor-version":[{"id":27852,"href":"https:\/\/sertv.gob.pa\/crisolfm\/wp-json\/wp\/v2\/posts\/27850\/revisions\/27852"}],"wp:featuredmedia":[{"embeddable":true,"href":"https:\/\/sertv.gob.pa\/crisolfm\/wp-json\/wp\/v2\/media\/27851"}],"wp:attachment":[{"href":"https:\/\/sertv.gob.pa\/crisolfm\/wp-json\/wp\/v2\/media?parent=27850"}],"wp:term":[{"taxonomy":"category","embeddable":true,"href":"https:\/\/sertv.gob.pa\/crisolfm\/wp-json\/wp\/v2\/categories?post=27850"},{"taxonomy":"post_tag","embeddable":true,"href":"https:\/\/sertv.gob.pa\/crisolfm\/wp-json\/wp\/v2\/tags?post=27850"}],"curies":[{"name":"wp","href":"https:\/\/api.w.org\/{rel}","templated":true}]}}