{"id":27862,"date":"2020-04-16T16:06:35","date_gmt":"2020-04-16T16:06:35","guid":{"rendered":"https:\/\/sertv.gob.pa\/crisolfm\/?p=27862"},"modified":"2020-04-16T16:06:35","modified_gmt":"2020-04-16T16:06:35","slug":"la-contaminacion-del-aire-ha-caido-un-45-50-en-europa-con-el-confinamiento","status":"publish","type":"post","link":"https:\/\/sertv.gob.pa\/crisolfm\/la-contaminacion-del-aire-ha-caido-un-45-50-en-europa-con-el-confinamiento\/","title":{"rendered":"La contaminaci\u00f3n del aire ha ca\u00eddo un 45-50 % en Europa con el confinamiento"},"content":{"rendered":"<p class=\"entradilla\">La contaminaci\u00f3n atmosf\u00e9rica en algunas de las grandes ciudades europeas han ca\u00eddo entre un 45 y hasta m\u00e1s del 50 % en el \u00faltimo mes, coincidiendo con las medidas de confinamiento por el coronavirus, a la vista de las mediciones del sat\u00e9lite europeo Sentinel-5P.<\/p>\n<p>Las im\u00e1genes del sat\u00e9lite muestran que las concentraciones de di\u00f3xido de nitr\u00f3geno (NO2) entre el 13 de marzo y el 13 de abril bajaron un 48 % en Madrid respecto al mismo periodo de 2019, un 47 % en Mil\u00e1n, un 49 % en Roma y hasta un 54 % en Par\u00eds, explic\u00f3 este jueves la Agencia Espacial Europea (ESA).<\/p>\n<p>En un comunicado, la ESA record\u00f3 que el NO2 es uno de los <strong>principales contaminantes presentes en el aire<\/strong>, generado por centrales el\u00e9ctricas, veh\u00edculos y otras instalaciones industriales, y con efectos da\u00f1inos para la salud humana, ya que aumenta la probabilidad de problemas respiratorios.<\/p>\n<p>Los cient\u00edficos del Instituto Meteorol\u00f3gico de los Pa\u00edses Bajos (KNMI, en sus siglas en holand\u00e9s) llevan meses monitorizando los datos sobre la presencia de ese gas que ofrece ese sat\u00e9lite del programa Copernicus de la Uni\u00f3n Europea, gracias a su instrumento Tropomi.<\/p>\n<div class=\"box shadow\">\n<div class=\"box-inner-block\"><i class=\"tieicon-boxicon\"><\/i>Las concentraciones de NO2 en la atm\u00f3sfera <strong>var\u00edan sustancialmente de d\u00eda en d\u00eda<\/strong> por las fluctuaciones de las emisiones, pero tambi\u00e9n por los cambios en las condiciones meteorol\u00f3gicas, lo que hace m\u00e1s complicado sacar conclusiones \u00fanicamente de mediciones de un d\u00eda o de una semana.<\/div>\n<\/div>\n<p>De ah\u00ed el inter\u00e9s en analizar los datos obtenidos en un periodo de tiempo prolongado para <strong>descartar posibles anomal\u00edas.<\/strong><\/p>\n<p>Como de un d\u00eda para otro las cifras pueden variar mucho, promediar los datos durante largos periodos de tiempo \u201cpermite ver con mayor claridad los cambios en las concentraciones debido a la actividad humana\u201d, se\u00f1al\u00f3 <strong>Kenk Eskes<\/strong>, del KNMI.<\/p>\n<p>Su equipo tiene intenci\u00f3n de aprovechar el hecho de que las medidas de confinamiento van a continuar en las pr\u00f3ximas semanas para seguir trabajando en un an\u00e1lisis m\u00e1s detallado de otros pa\u00edses del norte de Europa donde ha observado una mayor variabilidad en los resultados a causa de los cambios de las condiciones meteorol\u00f3gicos.<\/p>\n<p>A ese respecto, la utilizaci\u00f3n de datos obtenidos sobre el terreno, en complemento con los del programa Copernicus, permitir\u00e1 restringir el impacto de esos cambios para estimar la variaci\u00f3n en la contaminaci\u00f3n del aire.<\/p>\n<p>Los Sentinel forman parte de una flota de sat\u00e9lites de la UE dise\u00f1ados para <strong>suministrar informaci\u00f3n<\/strong>para el programa medioambiental Copernicus.<\/p>\n<p>Fuente: EFEverde<\/p>\n","protected":false},"excerpt":{"rendered":"<p>La contaminaci\u00f3n atmosf\u00e9rica en algunas de las grandes ciudades europeas <a href=\"https:\/\/sertv.gob.pa\/crisolfm\/la-contaminacion-del-aire-ha-caido-un-45-50-en-europa-con-el-confinamiento\/\"> [&#8230;]<\/a><\/p>\n","protected":false},"author":64,"featured_media":27863,"comment_status":"closed","ping_status":"closed","sticky":false,"template":"","format":"standard","meta":{"footnotes":""},"categories":[7],"tags":[],"class_list":["post-27862","post","type-post","status-publish","format-standard","has-post-thumbnail","hentry","category-ecologicas"],"_links":{"self":[{"href":"https:\/\/sertv.gob.pa\/crisolfm\/wp-json\/wp\/v2\/posts\/27862","targetHints":{"allow":["GET"]}}],"collection":[{"href":"https:\/\/sertv.gob.pa\/crisolfm\/wp-json\/wp\/v2\/posts"}],"about":[{"href":"https:\/\/sertv.gob.pa\/crisolfm\/wp-json\/wp\/v2\/types\/post"}],"author":[{"embeddable":true,"href":"https:\/\/sertv.gob.pa\/crisolfm\/wp-json\/wp\/v2\/users\/64"}],"replies":[{"embeddable":true,"href":"https:\/\/sertv.gob.pa\/crisolfm\/wp-json\/wp\/v2\/comments?post=27862"}],"version-history":[{"count":1,"href":"https:\/\/sertv.gob.pa\/crisolfm\/wp-json\/wp\/v2\/posts\/27862\/revisions"}],"predecessor-version":[{"id":27864,"href":"https:\/\/sertv.gob.pa\/crisolfm\/wp-json\/wp\/v2\/posts\/27862\/revisions\/27864"}],"wp:featuredmedia":[{"embeddable":true,"href":"https:\/\/sertv.gob.pa\/crisolfm\/wp-json\/wp\/v2\/media\/27863"}],"wp:attachment":[{"href":"https:\/\/sertv.gob.pa\/crisolfm\/wp-json\/wp\/v2\/media?parent=27862"}],"wp:term":[{"taxonomy":"category","embeddable":true,"href":"https:\/\/sertv.gob.pa\/crisolfm\/wp-json\/wp\/v2\/categories?post=27862"},{"taxonomy":"post_tag","embeddable":true,"href":"https:\/\/sertv.gob.pa\/crisolfm\/wp-json\/wp\/v2\/tags?post=27862"}],"curies":[{"name":"wp","href":"https:\/\/api.w.org\/{rel}","templated":true}]}}