{"id":27868,"date":"2020-04-17T18:07:20","date_gmt":"2020-04-17T18:07:20","guid":{"rendered":"https:\/\/sertv.gob.pa\/crisolfm\/?p=27868"},"modified":"2020-04-17T18:07:20","modified_gmt":"2020-04-17T18:07:20","slug":"turistas-respetan-restriccion-de-visitas-a-areas-protegidas-de-chiriqui","status":"publish","type":"post","link":"https:\/\/sertv.gob.pa\/crisolfm\/turistas-respetan-restriccion-de-visitas-a-areas-protegidas-de-chiriqui\/","title":{"rendered":"TURISTAS RESPETAN RESTRICCI\u00d3N DE VISITAS A \u00c1REAS PROTEGIDAS DE CHIRIQU\u00cd"},"content":{"rendered":"<p>Han pasado 32 d\u00edas en que el Ministerio de Ambiente siguiendo los protocolos de seguridad colectiva e individual tras la llegada del COVID-19 a la Rep\u00fablica de Panam\u00e1, restringi\u00f3 el acceso a los visitantes a las \u00e1reas protegidas.<\/p>\n<p>Gracias a que los involucrados al sector turismo han acatado esta decisi\u00f3n, no se registran incidencias por intento de visitaci\u00f3n al Parque Nacional Volc\u00e1n Bar\u00fa, Parque Internacional La Amistad, Parque Nacional Marino Golfo de Chiriqu\u00ed y Refugio de Vida Silvestre La Barqueta.<\/p>\n<p>En estas cuatro \u00e1reas protegidas de la provincia de Chiriqu\u00ed, MiAMBIENTE cuenta con la presencia permanente de guardaparques y unidades de la Polic\u00eda Nacional Ecol\u00f3gica que garantiza las tareas de vigilancia, monitoreo, patrullaje y de control de acceso.<\/p>\n<p>La restricci\u00f3n se adopt\u00f3 el pasado jueves 12 de marzo, teniendo como base las medidas anunciadas por el Ministerio de Salud (Minsa), con relaci\u00f3n a la suspensi\u00f3n de eventos que estimulen la concentraci\u00f3n de personas tales como: ferias, seminarios y cualquier otra actividad que provoque aglomeraci\u00f3n de personas y que aumenten el riesgo la propagaci\u00f3n del virus COVID-19 (Coronavirus).<\/p>\n<p>MiAMBIENTE anunciar\u00e1 en su momento cu\u00e1ndo se levanta la restricci\u00f3n.<\/p>\n<p>Fuente: Mi Ambiente<\/p>\n<div id=\"gallery-1\" class=\"gallery galleryid-13816 gallery-columns-3 gallery-size-thumbnail\"><\/div>\n","protected":false},"excerpt":{"rendered":"<p>Han pasado 32 d\u00edas en que el Ministerio de Ambiente <a href=\"https:\/\/sertv.gob.pa\/crisolfm\/turistas-respetan-restriccion-de-visitas-a-areas-protegidas-de-chiriqui\/\"> [&#8230;]<\/a><\/p>\n","protected":false},"author":64,"featured_media":27869,"comment_status":"closed","ping_status":"closed","sticky":false,"template":"","format":"standard","meta":{"footnotes":""},"categories":[7],"tags":[],"class_list":["post-27868","post","type-post","status-publish","format-standard","has-post-thumbnail","hentry","category-ecologicas"],"_links":{"self":[{"href":"https:\/\/sertv.gob.pa\/crisolfm\/wp-json\/wp\/v2\/posts\/27868","targetHints":{"allow":["GET"]}}],"collection":[{"href":"https:\/\/sertv.gob.pa\/crisolfm\/wp-json\/wp\/v2\/posts"}],"about":[{"href":"https:\/\/sertv.gob.pa\/crisolfm\/wp-json\/wp\/v2\/types\/post"}],"author":[{"embeddable":true,"href":"https:\/\/sertv.gob.pa\/crisolfm\/wp-json\/wp\/v2\/users\/64"}],"replies":[{"embeddable":true,"href":"https:\/\/sertv.gob.pa\/crisolfm\/wp-json\/wp\/v2\/comments?post=27868"}],"version-history":[{"count":1,"href":"https:\/\/sertv.gob.pa\/crisolfm\/wp-json\/wp\/v2\/posts\/27868\/revisions"}],"predecessor-version":[{"id":27870,"href":"https:\/\/sertv.gob.pa\/crisolfm\/wp-json\/wp\/v2\/posts\/27868\/revisions\/27870"}],"wp:featuredmedia":[{"embeddable":true,"href":"https:\/\/sertv.gob.pa\/crisolfm\/wp-json\/wp\/v2\/media\/27869"}],"wp:attachment":[{"href":"https:\/\/sertv.gob.pa\/crisolfm\/wp-json\/wp\/v2\/media?parent=27868"}],"wp:term":[{"taxonomy":"category","embeddable":true,"href":"https:\/\/sertv.gob.pa\/crisolfm\/wp-json\/wp\/v2\/categories?post=27868"},{"taxonomy":"post_tag","embeddable":true,"href":"https:\/\/sertv.gob.pa\/crisolfm\/wp-json\/wp\/v2\/tags?post=27868"}],"curies":[{"name":"wp","href":"https:\/\/api.w.org\/{rel}","templated":true}]}}