{"id":27871,"date":"2020-04-17T18:09:05","date_gmt":"2020-04-17T18:09:05","guid":{"rendered":"https:\/\/sertv.gob.pa\/crisolfm\/?p=27871"},"modified":"2020-04-17T18:09:05","modified_gmt":"2020-04-17T18:09:05","slug":"artistas-plasticos-celebran-el-dia-mundial-del-arte-con-exposicion-virtual","status":"publish","type":"post","link":"https:\/\/sertv.gob.pa\/crisolfm\/artistas-plasticos-celebran-el-dia-mundial-del-arte-con-exposicion-virtual\/","title":{"rendered":"Artistas pl\u00e1sticos celebran el D\u00eda Mundial del Arte con exposici\u00f3n virtual"},"content":{"rendered":"<p><b>Panam\u00e1 15 de abril de 2020.<\/b>\u00a0Con la participaci\u00f3n de 33 artistas paname\u00f1os, el Ministerio de Cultura (MiCultura) y la Asociaci\u00f3n Paname\u00f1a de Artistas Pl\u00e1sticos (APAP) celebran el D\u00eda Mundial del Arte con una exposici\u00f3n virtual denominada \u201cArte Color y Silencio\u201d, a trav\u00e9s de las diferentes redes de ambas entidades.<\/p>\n<p>El trabajo de artistas de la talla de M\u00f3nica P\u00e9rez, Jael S\u00e1nchez, Luis Rudas, Jacsin Campo, Adek Guainora, Heriberto Vald\u00e9s, entre otros talentosos paname\u00f1os, se ver\u00e1 reflejado en esta muestra virtual que destaca obras en acr\u00edlico, \u00f3leo sobre lino y tallado en lin\u00f3leo.<\/p>\n<p>Luis Rudas, presidente de la APAP, indic\u00f3 que la muestra digital busca promover al artista paname\u00f1o, para que siga trabajando por el arte y que no se detenga para que, de alg\u00fan modo, entretenga a las personas a trav\u00e9s de las redes sociales y observen las diferentes t\u00e9cnicas de pintura que realizan.<\/p>\n<p>Esta exposici\u00f3n contar\u00e1, como cada a\u00f1o, la entrega de reconocimientos a 13 personalidades que se dedican a la expresi\u00f3n artistas en diversas disciplinas, entre ellas: ballet, canto, m\u00fasica, teatro, literatura, pl\u00e1stica y escultura.<\/p>\n<p>El 15 de abril se celebra El D\u00eda Mundial del Arte en honor al nacimiento del pintor renacentista Leonardo Da Vinci, el cual busca que las exposiciones de pintura, instalaciones, presentaciones de m\u00fasica, conciertos, ballet, poes\u00eda, literatura, cuentacuentos y teatro puedan ser apreciadas por todos.<\/p>\n<p>Fuente: Mi Cultura<\/p>\n","protected":false},"excerpt":{"rendered":"<p>Panam\u00e1 15 de abril de 2020.\u00a0Con la participaci\u00f3n de 33 <a href=\"https:\/\/sertv.gob.pa\/crisolfm\/artistas-plasticos-celebran-el-dia-mundial-del-arte-con-exposicion-virtual\/\"> [&#8230;]<\/a><\/p>\n","protected":false},"author":64,"featured_media":27872,"comment_status":"closed","ping_status":"closed","sticky":false,"template":"","format":"standard","meta":{"footnotes":""},"categories":[6],"tags":[],"class_list":["post-27871","post","type-post","status-publish","format-standard","has-post-thumbnail","hentry","category-culturales"],"_links":{"self":[{"href":"https:\/\/sertv.gob.pa\/crisolfm\/wp-json\/wp\/v2\/posts\/27871","targetHints":{"allow":["GET"]}}],"collection":[{"href":"https:\/\/sertv.gob.pa\/crisolfm\/wp-json\/wp\/v2\/posts"}],"about":[{"href":"https:\/\/sertv.gob.pa\/crisolfm\/wp-json\/wp\/v2\/types\/post"}],"author":[{"embeddable":true,"href":"https:\/\/sertv.gob.pa\/crisolfm\/wp-json\/wp\/v2\/users\/64"}],"replies":[{"embeddable":true,"href":"https:\/\/sertv.gob.pa\/crisolfm\/wp-json\/wp\/v2\/comments?post=27871"}],"version-history":[{"count":1,"href":"https:\/\/sertv.gob.pa\/crisolfm\/wp-json\/wp\/v2\/posts\/27871\/revisions"}],"predecessor-version":[{"id":27873,"href":"https:\/\/sertv.gob.pa\/crisolfm\/wp-json\/wp\/v2\/posts\/27871\/revisions\/27873"}],"wp:featuredmedia":[{"embeddable":true,"href":"https:\/\/sertv.gob.pa\/crisolfm\/wp-json\/wp\/v2\/media\/27872"}],"wp:attachment":[{"href":"https:\/\/sertv.gob.pa\/crisolfm\/wp-json\/wp\/v2\/media?parent=27871"}],"wp:term":[{"taxonomy":"category","embeddable":true,"href":"https:\/\/sertv.gob.pa\/crisolfm\/wp-json\/wp\/v2\/categories?post=27871"},{"taxonomy":"post_tag","embeddable":true,"href":"https:\/\/sertv.gob.pa\/crisolfm\/wp-json\/wp\/v2\/tags?post=27871"}],"curies":[{"name":"wp","href":"https:\/\/api.w.org\/{rel}","templated":true}]}}