{"id":27880,"date":"2020-04-20T18:29:10","date_gmt":"2020-04-20T18:29:10","guid":{"rendered":"https:\/\/sertv.gob.pa\/crisolfm\/?p=27880"},"modified":"2020-04-20T18:29:10","modified_gmt":"2020-04-20T18:29:10","slug":"miambiente-veraguas-da-seguimiento-a-proyectos-de-viveros","status":"publish","type":"post","link":"https:\/\/sertv.gob.pa\/crisolfm\/miambiente-veraguas-da-seguimiento-a-proyectos-de-viveros\/","title":{"rendered":"MiAMBIENTE VERAGUAS DA SEGUIMIENTO A PROYECTOS DE VIVEROS"},"content":{"rendered":"<p>La Direcci\u00f3n Regional de MiAMBIENTE en Veraguas sigue trabajando arduamente por mantener los proyectos de viveros de la instituci\u00f3n para cumplir con sus objetivos en beneficio del medio ambiente.<\/p>\n<p>Estos proyectos de gran importancia est\u00e1n siendo monitoreados por el personal id\u00f3neo del Departamento de Forestal.<\/p>\n<p><em>\u201cHasta el momento contamos con dos grandes proyectos, Pro-Cuencas y Alianza por el Mill\u00f3n\u201d,<\/em>coment\u00f3 el ingeniero Abraham Aide, encargado de Pro-Cuencas, quien tambi\u00e9n destac\u00f3 que actualmente est\u00e1n los viveros en las agencia de MiAMBIENTE\u00a0 de Los Valles en Ca\u00f1azas, La Yeguada en Calobre y Alto Guarumo en San Jos\u00e9 de San Francisco, estos tres viveros est\u00e1n trabajando para el proyecto Pro-Cuencas que beneficiar\u00e1 la parte alta y media del R\u00edo Santa Mar\u00eda.<\/p>\n<p>La meta para este a\u00f1o es de 75,000 plantones sembrados en 100 hect\u00e1reas y hasta la fecha se tienen 27,440 en Los Valles, 23,976 en La Yeguada y 31,500 en Alto Guarumo, dando un total de 82,916 sobrepasando as\u00ed la meta que se desea cubrir.<\/p>\n<p>Otro proyecto importante en este sentido es el de la Alianza por el Mill\u00f3n que lidera el ingeniero\u00a0 Jos\u00e9 Palacios, cuyo vivero se encuentra ubicado en El Bongo de Montijo y mantiene una cantidad de 3,500 plantones, con una meta de 10,000 que beneficiar\u00e1n las cuencas del R\u00edo San Pablo y el R\u00edo San Pedro.<\/p>\n<p>Seg\u00fan destacaron los encargados de los citados proyectos\u00a0 los plantones que se est\u00e1n manejando en su mayor\u00eda son de Pino, pero tambi\u00e9n se trabaja con cocobolo, caoba, guayac\u00e1n, roble, eucalipto y cedro amargo.<\/p>\n<p>A pesar que se cuenta con poco personal por las medidas dadas por el MINSA a causa del COVID-19 en nuestro pa\u00eds, se est\u00e1 trabajando por dar el seguimiento a cada de uno de los proyectos que van en pro de las cuencas de los principales r\u00edos de la regi\u00f3n.<\/p>\n<p>Fuente: Mi Ambiente<\/p>\n","protected":false},"excerpt":{"rendered":"<p>La Direcci\u00f3n Regional de MiAMBIENTE en Veraguas sigue trabajando arduamente <a href=\"https:\/\/sertv.gob.pa\/crisolfm\/miambiente-veraguas-da-seguimiento-a-proyectos-de-viveros\/\"> [&#8230;]<\/a><\/p>\n","protected":false},"author":64,"featured_media":27881,"comment_status":"closed","ping_status":"closed","sticky":false,"template":"","format":"standard","meta":{"footnotes":""},"categories":[7],"tags":[],"class_list":["post-27880","post","type-post","status-publish","format-standard","has-post-thumbnail","hentry","category-ecologicas"],"_links":{"self":[{"href":"https:\/\/sertv.gob.pa\/crisolfm\/wp-json\/wp\/v2\/posts\/27880","targetHints":{"allow":["GET"]}}],"collection":[{"href":"https:\/\/sertv.gob.pa\/crisolfm\/wp-json\/wp\/v2\/posts"}],"about":[{"href":"https:\/\/sertv.gob.pa\/crisolfm\/wp-json\/wp\/v2\/types\/post"}],"author":[{"embeddable":true,"href":"https:\/\/sertv.gob.pa\/crisolfm\/wp-json\/wp\/v2\/users\/64"}],"replies":[{"embeddable":true,"href":"https:\/\/sertv.gob.pa\/crisolfm\/wp-json\/wp\/v2\/comments?post=27880"}],"version-history":[{"count":1,"href":"https:\/\/sertv.gob.pa\/crisolfm\/wp-json\/wp\/v2\/posts\/27880\/revisions"}],"predecessor-version":[{"id":27882,"href":"https:\/\/sertv.gob.pa\/crisolfm\/wp-json\/wp\/v2\/posts\/27880\/revisions\/27882"}],"wp:featuredmedia":[{"embeddable":true,"href":"https:\/\/sertv.gob.pa\/crisolfm\/wp-json\/wp\/v2\/media\/27881"}],"wp:attachment":[{"href":"https:\/\/sertv.gob.pa\/crisolfm\/wp-json\/wp\/v2\/media?parent=27880"}],"wp:term":[{"taxonomy":"category","embeddable":true,"href":"https:\/\/sertv.gob.pa\/crisolfm\/wp-json\/wp\/v2\/categories?post=27880"},{"taxonomy":"post_tag","embeddable":true,"href":"https:\/\/sertv.gob.pa\/crisolfm\/wp-json\/wp\/v2\/tags?post=27880"}],"curies":[{"name":"wp","href":"https:\/\/api.w.org\/{rel}","templated":true}]}}