{"id":27883,"date":"2020-04-20T18:31:15","date_gmt":"2020-04-20T18:31:15","guid":{"rendered":"https:\/\/sertv.gob.pa\/crisolfm\/?p=27883"},"modified":"2020-04-20T18:31:15","modified_gmt":"2020-04-20T18:31:15","slug":"ministro-de-ambiente-se-reune-con-homologos-centroamericanos-y-republica-dominicana","status":"publish","type":"post","link":"https:\/\/sertv.gob.pa\/crisolfm\/ministro-de-ambiente-se-reune-con-homologos-centroamericanos-y-republica-dominicana\/","title":{"rendered":"MINISTRO DE AMBIENTE SE RE\u00daNE CON HOM\u00d3LOGOS CENTROAMERICANOS Y REP\u00daBLICA DOMINICANA"},"content":{"rendered":"<p>El ministro de Ambiente, Milc\u00edades Concepci\u00f3n sostuvo una reuni\u00f3n de coordinaci\u00f3n con los ministros de ambiente de Centroam\u00e9rica y Rep\u00fablica Dominicana, en el marco de en la que evaluaron la situaci\u00f3n de la regi\u00f3n ante la pandemia del Covid-19.<\/p>\n<p>Durante su intervenci\u00f3n, expres\u00f3 el compromiso que mantiene el Gobierno Nacional ante esta crisis y explic\u00f3 algunas de las medidas sanitarias que se han realizado para controlar esta pandemia; as\u00ed como la estrategia de corte social que incluye la entrega de bonos y bolsas de comida a los sectores rurales.<\/p>\n<p>Explic\u00f3 que se ha mantenido un f\u00e9rreo control sobre las \u00e1reas protegidas con el apoyo de la Polic\u00eda Ambiental y la Polic\u00eda Fronteriza, estableciendo puestos de control, lo que ha dado como resultado una baja del 90% de los delitos de tala y caza ilegal en los \u00faltimos meses.<\/p>\n<p>El titular de Ambiente, tambi\u00e9n present\u00f3 ante sus hom\u00f3logos de la regi\u00f3n, algunas de las acciones que la instituci\u00f3n tiene programado desarrollar como parte del Plan de Acci\u00f3n Ambiental luego del \u201cD\u00eda D\u201d para activar el pa\u00eds en materia ambiental, que incluye retomar los programas de Producci\u00f3n m\u00e1s Limpia (P+L), as\u00ed como la revisi\u00f3n de los proyectos aplazados por la pandemia en la instituci\u00f3n.<\/p>\n<p>Destac\u00f3 que har\u00e1 una evaluaci\u00f3n integral de la calidad de aguas en afluentes superficiales de 25 cuencas hidrogr\u00e1ficas de las 52 en total, y se realizaran capacitaciones referentes a las barreras ecol\u00f3gicas atrapa s\u00f3lidos, producci\u00f3n m\u00e1s limpia, ahorro energ\u00e9tico, reciclaje y manejo de desechos s\u00f3lidos.<\/p>\n<p>Concepci\u00f3n a\u00f1adi\u00f3 que desde el pasado 1 de julio, la actual administraci\u00f3n de Ambiente mantiene un di\u00e1logo abierto y transparente con las ONGs, fundaciones y sociedad civil, para una oportuna gesti\u00f3n de los recursos naturales de nuestro pa\u00eds.<\/p>\n<p>\u201cApoyo que ser\u00e1 fundamental, una vez pase esta pandemia\u201d; concluy\u00f3 haciendo el llamado para que todos juntos, autoridades y sociedad civil, sigamos trabajando conjuntamente en beneficio de nuestro medio ambiente.<\/p>\n<p>Fuente: Mi Ambiente<\/p>\n","protected":false},"excerpt":{"rendered":"<p>El ministro de Ambiente, Milc\u00edades Concepci\u00f3n sostuvo una reuni\u00f3n de <a href=\"https:\/\/sertv.gob.pa\/crisolfm\/ministro-de-ambiente-se-reune-con-homologos-centroamericanos-y-republica-dominicana\/\"> [&#8230;]<\/a><\/p>\n","protected":false},"author":64,"featured_media":27884,"comment_status":"closed","ping_status":"closed","sticky":false,"template":"","format":"standard","meta":{"footnotes":""},"categories":[7],"tags":[],"class_list":["post-27883","post","type-post","status-publish","format-standard","has-post-thumbnail","hentry","category-ecologicas"],"_links":{"self":[{"href":"https:\/\/sertv.gob.pa\/crisolfm\/wp-json\/wp\/v2\/posts\/27883","targetHints":{"allow":["GET"]}}],"collection":[{"href":"https:\/\/sertv.gob.pa\/crisolfm\/wp-json\/wp\/v2\/posts"}],"about":[{"href":"https:\/\/sertv.gob.pa\/crisolfm\/wp-json\/wp\/v2\/types\/post"}],"author":[{"embeddable":true,"href":"https:\/\/sertv.gob.pa\/crisolfm\/wp-json\/wp\/v2\/users\/64"}],"replies":[{"embeddable":true,"href":"https:\/\/sertv.gob.pa\/crisolfm\/wp-json\/wp\/v2\/comments?post=27883"}],"version-history":[{"count":1,"href":"https:\/\/sertv.gob.pa\/crisolfm\/wp-json\/wp\/v2\/posts\/27883\/revisions"}],"predecessor-version":[{"id":27885,"href":"https:\/\/sertv.gob.pa\/crisolfm\/wp-json\/wp\/v2\/posts\/27883\/revisions\/27885"}],"wp:featuredmedia":[{"embeddable":true,"href":"https:\/\/sertv.gob.pa\/crisolfm\/wp-json\/wp\/v2\/media\/27884"}],"wp:attachment":[{"href":"https:\/\/sertv.gob.pa\/crisolfm\/wp-json\/wp\/v2\/media?parent=27883"}],"wp:term":[{"taxonomy":"category","embeddable":true,"href":"https:\/\/sertv.gob.pa\/crisolfm\/wp-json\/wp\/v2\/categories?post=27883"},{"taxonomy":"post_tag","embeddable":true,"href":"https:\/\/sertv.gob.pa\/crisolfm\/wp-json\/wp\/v2\/tags?post=27883"}],"curies":[{"name":"wp","href":"https:\/\/api.w.org\/{rel}","templated":true}]}}