{"id":27892,"date":"2020-04-21T17:45:02","date_gmt":"2020-04-21T17:45:02","guid":{"rendered":"https:\/\/sertv.gob.pa\/crisolfm\/?p=27892"},"modified":"2020-04-21T17:45:02","modified_gmt":"2020-04-21T17:45:02","slug":"miambiente-con-plan-panama-solidario-llega-a-las-ultimas-comunidades-del-oeste-del-pais","status":"publish","type":"post","link":"https:\/\/sertv.gob.pa\/crisolfm\/miambiente-con-plan-panama-solidario-llega-a-las-ultimas-comunidades-del-oeste-del-pais\/","title":{"rendered":"MIAMBIENTE CON PLAN PANAM\u00c1 SOLIDARIO LLEGA A LAS \u00daLTIMAS COMUNIDADES DEL OESTE DEL PA\u00cdS"},"content":{"rendered":"<p>Colaboradores de la direcci\u00f3n regional del Ministerio de Ambiente en la provincia de Chiriqu\u00ed, siguen trabajando de forma interinstitucional en la distribuci\u00f3n del Plan Panam\u00e1 Solidario, que incluye en una de acciones el llenado y traslado de las bolsas hacia las comunidades.<\/p>\n<p>El personal viaj\u00f3 a los poblados Piedra de Candela y Bella Vista, en el distrito de Renacimiento, en la zona fronteriza de Panam\u00e1 con Costa Rica la cual se ubica a menos de 23 metros de la frontera y a 104 kil\u00f3metros de la ciudad de David, capital de la provincia.<\/p>\n<p>Esta \u00e1rea se caracteriza por ser el \u00faltimo poblado de la Rep\u00fablica, al extremo oeste del territorio nacional; all\u00ed, casi el 90 % de sus habitantes son ind\u00edgenas y campesinos.<\/p>\n<p>La acci\u00f3n forma parte de la estrategia del Gobierno Nacional para mitigar las secuelas de la pandemia generalizada por el COVID-19.<\/p>\n<p>El Plan Panam\u00e1 Solidario, fue creado por medio del Decreto Ejecutivo No. 400 del 27 de marzo de 2020, establece que los beneficiarios de este son las personas en pobreza multidimensional, familias vulnerables, personas que viven en zonas de dif\u00edcil acceso y personas dedicadas a actividades econ\u00f3micas por propia cuenta.<\/p>\n<p>Incluye la entrega de bolsas de alimentos y bonos de 80 balboas para un mill\u00f3n 300 mil familias.<\/p>\n<p>Cabe se\u00f1alar que el Gobierno mantiene los programas de subsidios como 120 a los 65, \u00c1ngel Guardi\u00e1n y Red de Oportunidades, adem\u00e1s de las becas, entre otros, que suman 1,600 millones de balboas anuales.<\/p>\n<p>Fuente: Mi Ambiente<\/p>\n","protected":false},"excerpt":{"rendered":"<p>Colaboradores de la direcci\u00f3n regional del Ministerio de Ambiente en <a href=\"https:\/\/sertv.gob.pa\/crisolfm\/miambiente-con-plan-panama-solidario-llega-a-las-ultimas-comunidades-del-oeste-del-pais\/\"> [&#8230;]<\/a><\/p>\n","protected":false},"author":64,"featured_media":27893,"comment_status":"closed","ping_status":"closed","sticky":false,"template":"","format":"standard","meta":{"footnotes":""},"categories":[7],"tags":[],"class_list":["post-27892","post","type-post","status-publish","format-standard","has-post-thumbnail","hentry","category-ecologicas"],"_links":{"self":[{"href":"https:\/\/sertv.gob.pa\/crisolfm\/wp-json\/wp\/v2\/posts\/27892","targetHints":{"allow":["GET"]}}],"collection":[{"href":"https:\/\/sertv.gob.pa\/crisolfm\/wp-json\/wp\/v2\/posts"}],"about":[{"href":"https:\/\/sertv.gob.pa\/crisolfm\/wp-json\/wp\/v2\/types\/post"}],"author":[{"embeddable":true,"href":"https:\/\/sertv.gob.pa\/crisolfm\/wp-json\/wp\/v2\/users\/64"}],"replies":[{"embeddable":true,"href":"https:\/\/sertv.gob.pa\/crisolfm\/wp-json\/wp\/v2\/comments?post=27892"}],"version-history":[{"count":1,"href":"https:\/\/sertv.gob.pa\/crisolfm\/wp-json\/wp\/v2\/posts\/27892\/revisions"}],"predecessor-version":[{"id":27896,"href":"https:\/\/sertv.gob.pa\/crisolfm\/wp-json\/wp\/v2\/posts\/27892\/revisions\/27896"}],"wp:featuredmedia":[{"embeddable":true,"href":"https:\/\/sertv.gob.pa\/crisolfm\/wp-json\/wp\/v2\/media\/27893"}],"wp:attachment":[{"href":"https:\/\/sertv.gob.pa\/crisolfm\/wp-json\/wp\/v2\/media?parent=27892"}],"wp:term":[{"taxonomy":"category","embeddable":true,"href":"https:\/\/sertv.gob.pa\/crisolfm\/wp-json\/wp\/v2\/categories?post=27892"},{"taxonomy":"post_tag","embeddable":true,"href":"https:\/\/sertv.gob.pa\/crisolfm\/wp-json\/wp\/v2\/tags?post=27892"}],"curies":[{"name":"wp","href":"https:\/\/api.w.org\/{rel}","templated":true}]}}