{"id":27897,"date":"2020-04-21T17:49:32","date_gmt":"2020-04-21T17:49:32","guid":{"rendered":"https:\/\/sertv.gob.pa\/crisolfm\/?p=27897"},"modified":"2020-04-21T17:49:32","modified_gmt":"2020-04-21T17:49:32","slug":"micultura-se-une-a-celebracion-del-dia-internacional-de-monumentos-y-sitios-historicos","status":"publish","type":"post","link":"https:\/\/sertv.gob.pa\/crisolfm\/micultura-se-une-a-celebracion-del-dia-internacional-de-monumentos-y-sitios-historicos\/","title":{"rendered":"MiCultura se une a celebraci\u00f3n del D\u00eda Internacional de Monumentos y Sitios Hist\u00f3ricos."},"content":{"rendered":"<p>El Ministerio de Cultura invita a compartir, mediante las expresiones visuales y de experiencias virtuales, la celebraci\u00f3n del D\u00eda Internacional de Monumentos y Sitios, que se celebra el 18 de abril de cada a\u00f1o.<\/p>\n<p>Este a\u00f1o, la conmemoraci\u00f3n de la fecha tiene como tema: \u00abCulturas Compartidas, Patrimonio Compartido, Responsabilidad Compartida\u00bb, y se refiere al patrimonio cultural en un contexto m\u00e1s amplio que la identidad cultural y lo lleva a la red de relaciones, de comunicaciones, intercambios, di\u00e1logos y conflictos que le dieron origen.<\/p>\n<p>Al respecto, Carlos Aguilar Navarro, ministro de Cultura, destac\u00f3 la importancia de la fecha a celebrar y asegur\u00f3 que el patrimonio mundial es nuestra responsabilidad compartida; no solo entre los grupos culturales paname\u00f1os, sino con el mundo desde aquella primera globalizaci\u00f3n al presente.<\/p>\n<p>De igual manera, agreg\u00f3 que esta coyuntura, producto de la pandemia Covid 19 es una gran oportunidad para reflexionar, ser solidarios y apoyar a quienes m\u00e1s lo necesiten, incluidos los corregimientos de los sitios de Patrimonio Mundial en donde residen miles de paname\u00f1os.<\/p>\n<p>Las \u00abfortificaciones de la costa caribe\u00f1a de Panam\u00e1: Portobelo y San Lorenzo\u00bb, el \u00absitio arqueol\u00f3gico de Panam\u00e1 Viejo y Distrito Hist\u00f3rico de Panam\u00e1\u00bb, as\u00ed como los puertos fortificados, centros hist\u00f3ricos y sitios arqueol\u00f3gicos que precisamente custodiaron el paso de los viajeros y mercanc\u00edas por rutas mar\u00edtimas y terrestres en una vasta red de intercambios, forman parte de nuestro patrimonio.<\/p>\n<p>El D\u00eda Internacional de los Monumentos y Sitios fue instaurado por la UNESCO en su Asamblea General de 1983 gracias a la propuesta presentada con ese fin por el Consejo Internacional de Monumentos y Sitios (ICOMOS).<\/p>\n<p>Katti Osorio, Directora Nacional de Patrimonio Hist\u00f3rico de MiCultura explic\u00f3 que el objetivo de la celebraci\u00f3n anual de esta fecha es dar a conocer la importancia de patrimonio cultural de la humanidad; de su diversidad y de su vulnerabilidad, as\u00ed como difundir las necesidades para su protecci\u00f3n y conservaci\u00f3n.<\/p>\n<p>\u201cEste a\u00f1o, destacamos el reconocimiento del patrimonio, ya sean lugares, paisajes, pr\u00e1cticas o colecciones y su frecuente conexi\u00f3n y valoraci\u00f3n por m\u00faltiples y diversos grupos y comunidades\u201d, indic\u00f3 Osorio.<\/p>\n<p>Fuente: Mi Cultura<\/p>\n","protected":false},"excerpt":{"rendered":"<p>El Ministerio de Cultura invita a compartir, mediante las expresiones <a href=\"https:\/\/sertv.gob.pa\/crisolfm\/micultura-se-une-a-celebracion-del-dia-internacional-de-monumentos-y-sitios-historicos\/\"> [&#8230;]<\/a><\/p>\n","protected":false},"author":64,"featured_media":27898,"comment_status":"closed","ping_status":"closed","sticky":false,"template":"","format":"standard","meta":{"footnotes":""},"categories":[6],"tags":[],"class_list":["post-27897","post","type-post","status-publish","format-standard","has-post-thumbnail","hentry","category-culturales"],"_links":{"self":[{"href":"https:\/\/sertv.gob.pa\/crisolfm\/wp-json\/wp\/v2\/posts\/27897","targetHints":{"allow":["GET"]}}],"collection":[{"href":"https:\/\/sertv.gob.pa\/crisolfm\/wp-json\/wp\/v2\/posts"}],"about":[{"href":"https:\/\/sertv.gob.pa\/crisolfm\/wp-json\/wp\/v2\/types\/post"}],"author":[{"embeddable":true,"href":"https:\/\/sertv.gob.pa\/crisolfm\/wp-json\/wp\/v2\/users\/64"}],"replies":[{"embeddable":true,"href":"https:\/\/sertv.gob.pa\/crisolfm\/wp-json\/wp\/v2\/comments?post=27897"}],"version-history":[{"count":1,"href":"https:\/\/sertv.gob.pa\/crisolfm\/wp-json\/wp\/v2\/posts\/27897\/revisions"}],"predecessor-version":[{"id":27901,"href":"https:\/\/sertv.gob.pa\/crisolfm\/wp-json\/wp\/v2\/posts\/27897\/revisions\/27901"}],"wp:featuredmedia":[{"embeddable":true,"href":"https:\/\/sertv.gob.pa\/crisolfm\/wp-json\/wp\/v2\/media\/27898"}],"wp:attachment":[{"href":"https:\/\/sertv.gob.pa\/crisolfm\/wp-json\/wp\/v2\/media?parent=27897"}],"wp:term":[{"taxonomy":"category","embeddable":true,"href":"https:\/\/sertv.gob.pa\/crisolfm\/wp-json\/wp\/v2\/categories?post=27897"},{"taxonomy":"post_tag","embeddable":true,"href":"https:\/\/sertv.gob.pa\/crisolfm\/wp-json\/wp\/v2\/tags?post=27897"}],"curies":[{"name":"wp","href":"https:\/\/api.w.org\/{rel}","templated":true}]}}