{"id":27915,"date":"2020-04-22T18:52:06","date_gmt":"2020-04-22T18:52:06","guid":{"rendered":"https:\/\/sertv.gob.pa\/crisolfm\/?p=27915"},"modified":"2020-04-22T18:52:06","modified_gmt":"2020-04-22T18:52:06","slug":"micultura-insta-a-consolidar-alianzas-estrategicas-ante-unesco","status":"publish","type":"post","link":"https:\/\/sertv.gob.pa\/crisolfm\/micultura-insta-a-consolidar-alianzas-estrategicas-ante-unesco\/","title":{"rendered":"MiCultura insta a consolidar alianzas estrat\u00e9gicas ante UNESCO"},"content":{"rendered":"<p>El Ministro de Cultura, Carlos Aguilar Navarro, inst\u00f3 a sus hom\u00f3lgos del mundo a trabajar en la consolidaci\u00f3n de alianzas estrat\u00e9gicas, robustas e interconectadas, para garantizar que la cultura sea m\u00e1s que un veh\u00edculo de ocio y entretenimiento en tiempos de crisis y que se le reconozca como un actor clave en la transformaci\u00f3n social que aporta al desarrollo sostenible de las naciones.<\/p>\n<p>Durante su intervenci\u00f3n en una reuni\u00f3n virtual de ministros de cultura organizada por la Organizaci\u00f3n de las Naciones Unidas para la Educaci\u00f3n, la Ciencia y la Cultura (UNESCO), el titular expuso que, en medio de la realidad del pa\u00eds producto del Covid-19, el sector cultural dirige sus mejores esfuerzos de preparaci\u00f3n hacia la nueva normalidad de la etapa post pandemia y de esta manera \u201cavanzaremos juntos de la informalidad a la formalidad en el fortalecimiento de las industrias creativas y culturales\u201d.<\/p>\n<p>\u201cEn Panam\u00e1, estamos procurando \u201cno dejar a nadie atr\u00e1s\u201d, esto significa implicar a m\u00e1s actores en la b\u00fasqueda de soluciones. Hoy, la erradicaci\u00f3n de la pobreza y la desigualdad nos convoca a un nuevo esfuerzo colectivo, a unir fuerzas y trabajar en equipo\u201d, coment\u00f3 el ministro.<br \/>\nComo prolongaci\u00f3n del Foro de Ministros de Cultura organizado por la UNESCO el pasado 19 de noviembre de 2019, la organizaci\u00f3n invit\u00f3 a los ministros de cultura del mundo a compartir, mediante un di\u00e1logo virtual, sus observaciones sobre las repercusiones de la crisis sanitaria en el sector cultural, as\u00ed como sobre las respuestas que se est\u00e1n iniciando en el marco de sus respectivas pol\u00edticas.<\/p>\n<p>El cierre de los sitios del patrimonio y la infraestructura cultural conexa, la cancelaci\u00f3n o el aplazamiento de eventos y la interrupci\u00f3n de la producci\u00f3n cultural tendr\u00e1n importantes repercusiones econ\u00f3micas y sociales para las industrias culturales y creativas.<\/p>\n<p>Seg\u00fan se dio a conocer, en una comunicaci\u00f3n de la entidad, dichas repercusiones por la crisis debilitar\u00e1n a\u00fan m\u00e1s las condiciones profesionales, sociales y econ\u00f3micas de los artistas y los profesionales de la cultura, en particular de los empresarios individuales y las peque\u00f1as y medianas empresas, que a menudo no tienen la base econ\u00f3mica necesaria para responder a una situaci\u00f3n de crisis de esta magnitud.<\/p>\n<p>Este es el caso, en particular, de la artesan\u00eda, la m\u00fasica, el cine, las artes esc\u00e9nicas e incluso la gastronom\u00eda.<br \/>\nAguilar Navarro enfatiz\u00f3 que, desde Panam\u00e1 como Gobierno Nacional, \u201cestamos convencidos que debemos trabajar todos juntos, como actores de cambio y desarrollo. Por esta raz\u00f3n, la apuesta paname\u00f1a va orientada hacia una nueva forma de entender la Cultura, desde una perspectiva multisectorial y transversal\u201d.<\/p>\n<p>Fuente: Mi Cultura<\/p>\n","protected":false},"excerpt":{"rendered":"<p>El Ministro de Cultura, Carlos Aguilar Navarro, inst\u00f3 a sus <a href=\"https:\/\/sertv.gob.pa\/crisolfm\/micultura-insta-a-consolidar-alianzas-estrategicas-ante-unesco\/\"> [&#8230;]<\/a><\/p>\n","protected":false},"author":64,"featured_media":27513,"comment_status":"closed","ping_status":"closed","sticky":false,"template":"","format":"standard","meta":{"footnotes":""},"categories":[6],"tags":[],"class_list":["post-27915","post","type-post","status-publish","format-standard","has-post-thumbnail","hentry","category-culturales"],"_links":{"self":[{"href":"https:\/\/sertv.gob.pa\/crisolfm\/wp-json\/wp\/v2\/posts\/27915","targetHints":{"allow":["GET"]}}],"collection":[{"href":"https:\/\/sertv.gob.pa\/crisolfm\/wp-json\/wp\/v2\/posts"}],"about":[{"href":"https:\/\/sertv.gob.pa\/crisolfm\/wp-json\/wp\/v2\/types\/post"}],"author":[{"embeddable":true,"href":"https:\/\/sertv.gob.pa\/crisolfm\/wp-json\/wp\/v2\/users\/64"}],"replies":[{"embeddable":true,"href":"https:\/\/sertv.gob.pa\/crisolfm\/wp-json\/wp\/v2\/comments?post=27915"}],"version-history":[{"count":1,"href":"https:\/\/sertv.gob.pa\/crisolfm\/wp-json\/wp\/v2\/posts\/27915\/revisions"}],"predecessor-version":[{"id":27916,"href":"https:\/\/sertv.gob.pa\/crisolfm\/wp-json\/wp\/v2\/posts\/27915\/revisions\/27916"}],"wp:featuredmedia":[{"embeddable":true,"href":"https:\/\/sertv.gob.pa\/crisolfm\/wp-json\/wp\/v2\/media\/27513"}],"wp:attachment":[{"href":"https:\/\/sertv.gob.pa\/crisolfm\/wp-json\/wp\/v2\/media?parent=27915"}],"wp:term":[{"taxonomy":"category","embeddable":true,"href":"https:\/\/sertv.gob.pa\/crisolfm\/wp-json\/wp\/v2\/categories?post=27915"},{"taxonomy":"post_tag","embeddable":true,"href":"https:\/\/sertv.gob.pa\/crisolfm\/wp-json\/wp\/v2\/tags?post=27915"}],"curies":[{"name":"wp","href":"https:\/\/api.w.org\/{rel}","templated":true}]}}