{"id":27917,"date":"2020-04-23T18:03:49","date_gmt":"2020-04-23T18:03:49","guid":{"rendered":"https:\/\/sertv.gob.pa\/crisolfm\/?p=27917"},"modified":"2020-04-23T18:03:49","modified_gmt":"2020-04-23T18:03:49","slug":"en-el-dia-de-la-tierra-chiriqui-realiza-llenado-de-bolsas-y-planta-arbol-simbolico","status":"publish","type":"post","link":"https:\/\/sertv.gob.pa\/crisolfm\/en-el-dia-de-la-tierra-chiriqui-realiza-llenado-de-bolsas-y-planta-arbol-simbolico\/","title":{"rendered":"EN EL D\u00cdA DE LA TIERRA, CHIRIQU\u00cd REALIZA LLENADO DE BOLSAS Y PLANTA \u00c1RBOL SIMB\u00d3LICO"},"content":{"rendered":"<p>En el marco de los 50 a\u00f1os de celebraci\u00f3n del D\u00eda Mundial de la Tierra, la Direcci\u00f3n Regional del Ministerio de Ambiente en la provincia de Chiriqu\u00ed plant\u00f3 un \u00e1rbol de aceituno\u00a0<em>(Simaruba glauca)<\/em>\u00a0como acto simb\u00f3lico que permita a las presentes y futuras generaciones recordar c\u00f3mo esta pandemia ha marcado el rumbo de la humanidad, y c\u00f3mo debemos cambiar para bien.<\/p>\n<p>La jornada incluy\u00f3 el llenado de 320 bolsas, respetando la distancia y las medidas de seguridad entre los colaboradores debe existir. Ser\u00e1n destinadas a la producci\u00f3n de plantones maderables y frutales a utilizarse en las jornadas de reforestaci\u00f3n en diversos puntos de la provincia.<\/p>\n<p>\u201cPara el Ministerio del Ambiente\u00a0\u00a0en el D\u00eda de la Tierra reviste una importancia trascendental, pues nos permite renovar los ideales m\u00e1s importantes de nuestra raz\u00f3n de ser: cuidar, proteger y preservar nuestro habitad. Es el cumplea\u00f1os de nuestro planeta y por lo tanto es motivo de regocijo mundial\u201d expresa la directora regional Ing. Krislly Quintero.<\/p>\n<p>El 22 de abril de 1970, m\u00e1s de 20 millones de norteamericanos\u00a0\u00a0se tomaron las calles y los parques desde sus ciudades, poblaciones y granjas para enfatizar su preocupaci\u00f3n y protestar contra el deterioro ambiental.<\/p>\n<p><strong>Aceituno<\/strong><\/p>\n<p>Sus semillas producen un aceite comestible. El \u00e1rbol es muy adecuado para el clima c\u00e1lido y las regiones tropicales h\u00famedas.<\/p>\n<p>Puede crecer a alturas desde el nivel del mar a 1000 msnm. Alcanza un tama\u00f1o de 12 a 15 m de altura y tiene una envergadura de 7,6 a 9,1 m. Tiene flores de color amarillo y la fruta carnosa forma de \u00f3valo alargado de color p\u00farpura.<\/p>\n<p>Fuente: Mi Ambiente<\/p>\n","protected":false},"excerpt":{"rendered":"<p>En el marco de los 50 a\u00f1os de celebraci\u00f3n del <a href=\"https:\/\/sertv.gob.pa\/crisolfm\/en-el-dia-de-la-tierra-chiriqui-realiza-llenado-de-bolsas-y-planta-arbol-simbolico\/\"> [&#8230;]<\/a><\/p>\n","protected":false},"author":64,"featured_media":27918,"comment_status":"closed","ping_status":"closed","sticky":false,"template":"","format":"standard","meta":{"footnotes":""},"categories":[7],"tags":[],"class_list":["post-27917","post","type-post","status-publish","format-standard","has-post-thumbnail","hentry","category-ecologicas"],"_links":{"self":[{"href":"https:\/\/sertv.gob.pa\/crisolfm\/wp-json\/wp\/v2\/posts\/27917","targetHints":{"allow":["GET"]}}],"collection":[{"href":"https:\/\/sertv.gob.pa\/crisolfm\/wp-json\/wp\/v2\/posts"}],"about":[{"href":"https:\/\/sertv.gob.pa\/crisolfm\/wp-json\/wp\/v2\/types\/post"}],"author":[{"embeddable":true,"href":"https:\/\/sertv.gob.pa\/crisolfm\/wp-json\/wp\/v2\/users\/64"}],"replies":[{"embeddable":true,"href":"https:\/\/sertv.gob.pa\/crisolfm\/wp-json\/wp\/v2\/comments?post=27917"}],"version-history":[{"count":1,"href":"https:\/\/sertv.gob.pa\/crisolfm\/wp-json\/wp\/v2\/posts\/27917\/revisions"}],"predecessor-version":[{"id":27919,"href":"https:\/\/sertv.gob.pa\/crisolfm\/wp-json\/wp\/v2\/posts\/27917\/revisions\/27919"}],"wp:featuredmedia":[{"embeddable":true,"href":"https:\/\/sertv.gob.pa\/crisolfm\/wp-json\/wp\/v2\/media\/27918"}],"wp:attachment":[{"href":"https:\/\/sertv.gob.pa\/crisolfm\/wp-json\/wp\/v2\/media?parent=27917"}],"wp:term":[{"taxonomy":"category","embeddable":true,"href":"https:\/\/sertv.gob.pa\/crisolfm\/wp-json\/wp\/v2\/categories?post=27917"},{"taxonomy":"post_tag","embeddable":true,"href":"https:\/\/sertv.gob.pa\/crisolfm\/wp-json\/wp\/v2\/tags?post=27917"}],"curies":[{"name":"wp","href":"https:\/\/api.w.org\/{rel}","templated":true}]}}