{"id":27923,"date":"2020-04-23T18:07:04","date_gmt":"2020-04-23T18:07:04","guid":{"rendered":"https:\/\/sertv.gob.pa\/crisolfm\/?p=27923"},"modified":"2020-04-23T18:07:04","modified_gmt":"2020-04-23T18:07:04","slug":"micultura-organiza-conversatorio-sobre-pandemia-y-multiculturalidad","status":"publish","type":"post","link":"https:\/\/sertv.gob.pa\/crisolfm\/micultura-organiza-conversatorio-sobre-pandemia-y-multiculturalidad\/","title":{"rendered":"MiCultura organiza conversatorio sobre \u201cPandemia y Multiculturalidad\u201d"},"content":{"rendered":"<p><strong>Panam\u00e1 22 de abril de 2020<\/strong>.Especialistas y expertos en antropolog\u00eda, historia y ciencias sociales disertar\u00e1n sobre las diferencias culturales que afectan e influyen en la manera en que diferentes comunidades vulnerables viven la pandemia del covid-19 en nuestro pa\u00eds.<\/p>\n<p>Para ello, el Ministerio de Cultura organiza e invita a participar del conversatorio \u201cPandemia y Multiculturalidad\u201d este jueves 23 de abril desde las 9:30 a.m. a trav\u00e9s de la plataforma digital Facebook Live de la instituci\u00f3n.<\/p>\n<p>Marixa Lasso y Enrique Noel, por parte de MiCultura; Urenna Best, directora general de la Secretar\u00eda Nacional para el Desarrollo de los Afro-paname\u00f1os; M\u00f3nica Mart\u00ednez Mauri, antrop\u00f3loga que ha realizado trabajos de campo sobre y con el pueblo guna de Panam\u00e1 y el especialista Osvaldo Jord\u00e1n, son los que conforman este interesante panel.<\/p>\n<p>Seg\u00fan Enrique Noel, Director de Derechos Culturales y Ciudadan\u00eda de MiCultura, la pandemia ha permitido comprender y ense\u00f1ar a nuestros hijos e hijas c\u00f3mo acercarse a los libros, de paso y de paso promover la lectura en familia.<\/p>\n<p>\u201cEn estos tiempos, los libros son la posibilidad de viajar y conocer otras culturas y otros mundos, vivir \u00e9pocas y so\u00f1ar. La lectura aporta habilidades para la creatividad, disciplina, mejorar el entendimiento y ser m\u00e1s tolerantes con otros\u201d, a\u00f1adi\u00f3 Noel.<\/p>\n<p>Por su parte Marixa Lasso Directora Nacional de Publicaciones e Investigaci\u00f3n de MiCultura, \u201crecord\u00f3 la celebraci\u00f3n de la semana de la Marcha Virtual por la Ciencia e invit\u00f3 al p\u00fablico a participar de este conversatorio y celebrarlo con esta interesante actividad\u201d.<\/p>\n<p>Fuente: Mi Cultura<\/p>\n","protected":false},"excerpt":{"rendered":"<p>Panam\u00e1 22 de abril de 2020.Especialistas y expertos en antropolog\u00eda, <a href=\"https:\/\/sertv.gob.pa\/crisolfm\/micultura-organiza-conversatorio-sobre-pandemia-y-multiculturalidad\/\"> [&#8230;]<\/a><\/p>\n","protected":false},"author":64,"featured_media":27924,"comment_status":"closed","ping_status":"closed","sticky":false,"template":"","format":"standard","meta":{"footnotes":""},"categories":[6],"tags":[],"class_list":["post-27923","post","type-post","status-publish","format-standard","has-post-thumbnail","hentry","category-culturales"],"_links":{"self":[{"href":"https:\/\/sertv.gob.pa\/crisolfm\/wp-json\/wp\/v2\/posts\/27923","targetHints":{"allow":["GET"]}}],"collection":[{"href":"https:\/\/sertv.gob.pa\/crisolfm\/wp-json\/wp\/v2\/posts"}],"about":[{"href":"https:\/\/sertv.gob.pa\/crisolfm\/wp-json\/wp\/v2\/types\/post"}],"author":[{"embeddable":true,"href":"https:\/\/sertv.gob.pa\/crisolfm\/wp-json\/wp\/v2\/users\/64"}],"replies":[{"embeddable":true,"href":"https:\/\/sertv.gob.pa\/crisolfm\/wp-json\/wp\/v2\/comments?post=27923"}],"version-history":[{"count":1,"href":"https:\/\/sertv.gob.pa\/crisolfm\/wp-json\/wp\/v2\/posts\/27923\/revisions"}],"predecessor-version":[{"id":27925,"href":"https:\/\/sertv.gob.pa\/crisolfm\/wp-json\/wp\/v2\/posts\/27923\/revisions\/27925"}],"wp:featuredmedia":[{"embeddable":true,"href":"https:\/\/sertv.gob.pa\/crisolfm\/wp-json\/wp\/v2\/media\/27924"}],"wp:attachment":[{"href":"https:\/\/sertv.gob.pa\/crisolfm\/wp-json\/wp\/v2\/media?parent=27923"}],"wp:term":[{"taxonomy":"category","embeddable":true,"href":"https:\/\/sertv.gob.pa\/crisolfm\/wp-json\/wp\/v2\/categories?post=27923"},{"taxonomy":"post_tag","embeddable":true,"href":"https:\/\/sertv.gob.pa\/crisolfm\/wp-json\/wp\/v2\/tags?post=27923"}],"curies":[{"name":"wp","href":"https:\/\/api.w.org\/{rel}","templated":true}]}}