{"id":27929,"date":"2020-04-24T17:30:56","date_gmt":"2020-04-24T17:30:56","guid":{"rendered":"https:\/\/sertv.gob.pa\/crisolfm\/?p=27929"},"modified":"2020-04-24T17:30:56","modified_gmt":"2020-04-24T17:30:56","slug":"micultura-realiza-encuesta-por-impacto-del-covid-19-en-industrias-creativas-y-culturales","status":"publish","type":"post","link":"https:\/\/sertv.gob.pa\/crisolfm\/micultura-realiza-encuesta-por-impacto-del-covid-19-en-industrias-creativas-y-culturales\/","title":{"rendered":"MiCultura realiza encuesta por impacto del Covid-19 en industrias creativas y culturales"},"content":{"rendered":"<p><b><strong><span style=\"font-style: inherit;font-weight: inherit\">Panam\u00e1, 23 de abril de 2020.<\/span><\/strong><\/b><span style=\"font-style: inherit;font-weight: inherit\"> El Ministerio de Cultura desarrolla una encuesta sobre el impacto del COVID-19 en la industria creativa y cultural de Panam\u00e1 para trabajar desde todos los sectores en la reactivaci\u00f3n de este importante sector de la econom\u00eda paname\u00f1a.<\/span><\/p>\n<p><span style=\"font-style: inherit;font-weight: inherit\">\u00a0<\/span><span style=\"font-style: inherit;font-weight: inherit\">A criterio del ministro Carlos Aguilar Navarro, el objetivo primordial de este ejercicio metodol\u00f3gico es la obtenci\u00f3n de informaci\u00f3n para plantear una l\u00ednea base que permita destinar mayores esfuerzos, junto con la empresa privada y la comunidad art\u00edstica y cultural, que se adicionen en las estrategias post Covid-19.<\/span><span style=\"font-style: inherit;font-weight: inherit\">\u00a0<\/span><\/p>\n<p><span style=\"font-style: inherit;font-weight: inherit\">Entrando a la p\u00e1gina www.micultura.gob.pa el interesado podr\u00e1 ingresar a la encuesta, cuyos datos ser\u00e1n utilizados para el trazado de medidas p\u00fablicas pertinentes que favorezcan la sostenibilidad del sector en el presente y futuro.<\/span><\/p>\n<p><span style=\"font-style: inherit;font-weight: inherit\">Maru G\u00e1lvez, Directora de Econom\u00eda Creativa del Ministerio, explica que el estudio a realizar consta de 3 partes, iniciando con el registro de informaci\u00f3n b\u00e1sica del participante; seguido por las preguntas sobre el impacto y la tercera y finaliza con aportes en relaci\u00f3n a los temas mencionados.<\/span><span style=\"font-style: inherit;font-weight: inherit\">\u00a0<\/span><\/p>\n<p><span style=\"font-style: inherit;font-weight: inherit\">\u201cCon esta encuesta queremos conocer la percepci\u00f3n en relaci\u00f3n al impacto de la primera etapa de la crisis derivada de la pandemia del Coronavirus (Covid-19) en los trabajadores culturales y creativos de Panam\u00e1, as\u00ed como las estrategias y\/o aportes de los trabajadores culturales y creativos de Panam\u00e1 frente a la pandemia\u201d, detall\u00f3 G\u00e1lvez.<\/span><\/p>\n<p><span style=\"font-style: inherit;font-weight: inherit\">Este ordenamiento metodol\u00f3gico propuesto plantear\u00e1 la posibilidad de identificar aquellos elementos que poseen en com\u00fan campos disciplinares tan diversos como la producci\u00f3n literaria, la gastronom\u00eda, los videojuegos, las artesan\u00edas y otras disciplinas cuya actividad toma como activos principales la integraci\u00f3n de la creatividad, la cultura, la gesti\u00f3n del conocimiento, las tecnolog\u00edas en sus m\u00faltiples formas y la econom\u00eda, pero cuya vinculaci\u00f3n desde lo productivo y econ\u00f3mico no es tan evidente.<\/span><span style=\"font-style: inherit;font-weight: inherit\">\u00a0<\/span><\/p>\n<p><span style=\"font-style: inherit;font-weight: inherit\">\u201cA fin de poder fortalecer los procesos de desarrollo de este campo emergente, se hace necesario contar con evidencias estad\u00edsticas que permitan, por un lado, demostrar diversas hip\u00f3tesis relacionadas con los elementos que poseen en com\u00fan las disciplinas mencionadas. La consolidaci\u00f3n de esta dimensi\u00f3n conceptual a trav\u00e9s de estudios como el planteado aqu\u00ed, ofrece argumentos s\u00f3lidos para que el dise\u00f1o de pol\u00edticas p\u00fablicas culturales pueda sustentarse en las realidades, comportamientos y tendencias de los actores del sector\u201d, agreg\u00f3 el ministro Aguilar.<\/span><span style=\"font-style: inherit;font-weight: inherit\">\u00a0<\/span><\/p>\n<p><span style=\"font-style: inherit;font-weight: inherit\">La reactivaci\u00f3n de los sectores art\u00edsticos y culturales se dar\u00e1 de manera paulatina, con una visi\u00f3n integral de la sociedad post pandemia, entendiendo que tenemos la econom\u00eda m\u00e1s din\u00e1mica de la regi\u00f3n, con paname\u00f1os siempre solidarios, y todos unidos vamos a contribuir con la reconstrucci\u00f3n del pa\u00eds.<\/span><\/p>\n<p><span style=\"font-style: inherit;font-weight: inherit\">\u201cComo parte del equipo del Buen Gobierno del presidente Laurentino Cortizo Cohen, se est\u00e1 trabajando desde ya la reconstrucci\u00f3n del pa\u00eds entendiendo que nos encontramos frente a una cat\u00e1strofe que requiere todo nuestro esfuerzo, en donde la cultura y las artes son un gran aporte para todos los paname\u00f1os en su bienestar f\u00edsico, mental y espiritual\u201d, recalc\u00f3.<\/span><\/p>\n<p>Fuente: Mi Cultura<\/p>\n","protected":false},"excerpt":{"rendered":"<p>Panam\u00e1, 23 de abril de 2020. El Ministerio de Cultura <a href=\"https:\/\/sertv.gob.pa\/crisolfm\/micultura-realiza-encuesta-por-impacto-del-covid-19-en-industrias-creativas-y-culturales\/\"> [&#8230;]<\/a><\/p>\n","protected":false},"author":64,"featured_media":27930,"comment_status":"closed","ping_status":"closed","sticky":false,"template":"","format":"standard","meta":{"footnotes":""},"categories":[6],"tags":[],"class_list":["post-27929","post","type-post","status-publish","format-standard","has-post-thumbnail","hentry","category-culturales"],"_links":{"self":[{"href":"https:\/\/sertv.gob.pa\/crisolfm\/wp-json\/wp\/v2\/posts\/27929","targetHints":{"allow":["GET"]}}],"collection":[{"href":"https:\/\/sertv.gob.pa\/crisolfm\/wp-json\/wp\/v2\/posts"}],"about":[{"href":"https:\/\/sertv.gob.pa\/crisolfm\/wp-json\/wp\/v2\/types\/post"}],"author":[{"embeddable":true,"href":"https:\/\/sertv.gob.pa\/crisolfm\/wp-json\/wp\/v2\/users\/64"}],"replies":[{"embeddable":true,"href":"https:\/\/sertv.gob.pa\/crisolfm\/wp-json\/wp\/v2\/comments?post=27929"}],"version-history":[{"count":1,"href":"https:\/\/sertv.gob.pa\/crisolfm\/wp-json\/wp\/v2\/posts\/27929\/revisions"}],"predecessor-version":[{"id":27931,"href":"https:\/\/sertv.gob.pa\/crisolfm\/wp-json\/wp\/v2\/posts\/27929\/revisions\/27931"}],"wp:featuredmedia":[{"embeddable":true,"href":"https:\/\/sertv.gob.pa\/crisolfm\/wp-json\/wp\/v2\/media\/27930"}],"wp:attachment":[{"href":"https:\/\/sertv.gob.pa\/crisolfm\/wp-json\/wp\/v2\/media?parent=27929"}],"wp:term":[{"taxonomy":"category","embeddable":true,"href":"https:\/\/sertv.gob.pa\/crisolfm\/wp-json\/wp\/v2\/categories?post=27929"},{"taxonomy":"post_tag","embeddable":true,"href":"https:\/\/sertv.gob.pa\/crisolfm\/wp-json\/wp\/v2\/tags?post=27929"}],"curies":[{"name":"wp","href":"https:\/\/api.w.org\/{rel}","templated":true}]}}