{"id":27943,"date":"2020-04-27T19:19:12","date_gmt":"2020-04-27T19:19:12","guid":{"rendered":"https:\/\/sertv.gob.pa\/crisolfm\/?p=27943"},"modified":"2020-04-27T19:19:12","modified_gmt":"2020-04-27T19:19:12","slug":"la-crisis-de-la-covid-19-no-frenara-el-calentamiento-global-advierte-la-omm","status":"publish","type":"post","link":"https:\/\/sertv.gob.pa\/crisolfm\/la-crisis-de-la-covid-19-no-frenara-el-calentamiento-global-advierte-la-omm\/","title":{"rendered":"La crisis de la COVID-19 no frenar\u00e1 el calentamiento global, advierte la OMM"},"content":{"rendered":"<p class=\"entradilla\">La paralizaci\u00f3n de los transportes y de buena parte de la actividad industrial global que ha producido la crisis de la COVID-19 supondr\u00e1 un descenso aproximado del 6 % de las emisiones de CO2 este a\u00f1o, algo insuficiente para frenar el cambio clim\u00e1tico, vaticin\u00f3 hoy la <strong>Organizaci\u00f3n Meteorol\u00f3gica Mundial<\/strong> (OMM).<\/p>\n<p>Antonio Broto.-<\/p>\n<h2>El lustro m\u00e1s c\u00e1lido<\/h2>\n<p>El secretario general del organismo, <strong>Petteri Taalas<\/strong>, lanz\u00f3 esta advertencia al presentar el informe con el que la OMM celebr\u00f3 el <strong>D\u00eda de la Tierra<\/strong>, en el que se confirm\u00f3 que el lustro 2015-19 fue el m\u00e1s c\u00e1lido del que se tiene registro, con una temperatura media global 1,1 grados superior a la de la era preindustrial.<\/p>\n<blockquote><p>\u201cSe estima que este a\u00f1o podr\u00eda haber una ca\u00edda del 6 por ciento en las emisiones de di\u00f3xido de carbono (principal gas causante del calentamiento global), pero seg\u00fan el Acuerdo de Par\u00eds el descenso deber\u00eda ser del 7 por ciento, y prolongarse durante d\u00e9cadas\u201d, explic\u00f3 el experto finland\u00e9s.<\/p><\/blockquote>\n<p>\u201cLa ca\u00edda de emisiones, desafortunadamente, ser\u00e1 a corto plazo, y probablemente se regresar\u00e1 a las cifras anteriores el pr\u00f3ximo a\u00f1o, o incluso podr\u00eda haber un repunte de la contaminaci\u00f3n\u201d, subray\u00f3.<\/p>\n<p>El m\u00e1ximo responsable de la OMM, agencia dependiente de Naciones Unidas, apunt\u00f3 que en todo caso la actual crisis podr\u00eda tener <strong>alg\u00fan efecto positivo<\/strong> en la lucha contra el cambio clim\u00e1tico, al mostrar a la comunidad internacional que <strong>se puede trabajar conjuntamente<\/strong> por un inter\u00e9s com\u00fan y de urgente resoluci\u00f3n.<\/p>\n<p>\u201cEl COVID-19, espero, ense\u00f1ar\u00e1 al mundo la importancia de los esfuerzos internacionales ante grandes retos\u201d, subray\u00f3, matizando que mientras la pandemia es un problema \u201ca corto plazo y con efectos econ\u00f3micos que durar\u00e1n varios a\u00f1os\u201d, el cambio clim\u00e1tico es una emergencia mucho m\u00e1s duradera.<\/p>\n<h2>D\u00eda de la Tierra<\/h2>\n<p>El informe presentado hoy por la OMM, en conmemoraci\u00f3n del 50 aniversario de la primera celebraci\u00f3n del D\u00eda de la Tierra, destaca que la actual temperatura mundial global (15,5 grados cent\u00edgrados) es<strong> 1,1 grados superior a la media de la era preindustrial<\/strong> y 0,86 grados mayor que la de 1970.<\/p>\n<p>Por su parte, la concentraci\u00f3n de di\u00f3xido de carbono en la atm\u00f3sfera (407,8 part\u00edculas por mill\u00f3n en 2019) es un 26 por ciento superior a la registrada hace 50 a\u00f1os, y otros indicadores tambi\u00e9n corroboran una aceleraci\u00f3n del calentamiento global, como la subida media de 112 mil\u00edmetros en el nivel del mar en medio siglo.<\/p>\n<blockquote><p>\u201cNo hacer frente al cambio clim\u00e1tico puede poner en jaque el bienestar de personas, ecosistemas y econom\u00edas durante siglos\u201d, advirti\u00f3 Taalas.<\/p><\/blockquote>\n<p>\u201cLos <strong>fen\u00f3menos meteorol\u00f3gicos extremos han aumentado<\/strong>, y no desaparecer\u00e1n a causa del coronavirus\u201d, asegur\u00f3, tras pedir a la comunidad internacional que muestre \u201cla misma determinaci\u00f3n y unidad contra el cambio clim\u00e1tico que contra la epidemia de COVID-19\u201d.<\/p>\n<h2>Calentamiento global<\/h2>\n<p>Los an\u00e1lisis y predicciones de la OMM se han realizado con datos recopilados de diversos observatorios en el brit\u00e1nico Centro Hadley, y vaticinan <strong>nuevos aumentos de la temperatura mundial en los pr\u00f3ximos a\u00f1os<\/strong>, m\u00e1s r\u00e1pidos en la superficie terrestre que en la marina, as\u00ed como en las latitudes m\u00e1s septentrionales.<\/p>\n<p>El informe a\u00f1ade que desde los a\u00f1os 80 cada d\u00e9cada ha sido m\u00e1s c\u00e1lida que la anterior, y que el \u00faltimo lustro tuvo una temperatura media 0,2 grados superior a la de los cinco a\u00f1os previos (2010-14).<\/p>\n<p>La <strong>concentraci\u00f3n de CO2 tambi\u00e9n fue un 18 % m\u00e1s alta entre 2015 y 2019<\/strong> que en los cinco a\u00f1os anteriores, y la OMM advierte que el di\u00f3xido de carbono permanece en la atm\u00f3sfera y los oc\u00e9anos durante siglos, por lo que \u201cel mundo est\u00e1 abocado al cambio clim\u00e1tico, con independencia de cualquier reducci\u00f3n transitoria de las emisiones\u201d.<\/p>\n<p>De hecho, pese a la actual bajada en la contaminaci\u00f3n, la concentraci\u00f3n de CO2 en la atm\u00f3sfera sigue aumentando incluso en estos meses de paralizaci\u00f3n industrial y confinamientos, como han mostrado mediciones de observatorios designados como el de Mauna Loa (Hawai, EEUU) o el de Iza\u00f1a (Tenerife, Espa\u00f1a).<\/p>\n<h2>Crisis sanitarias<\/h2>\n<p>En un momento de gran preocupaci\u00f3n global por las emergencias sanitarias, OMM recuerda que el <strong>efecto invernadero<\/strong> contribuye a desastres naturales tales como lluvias torrenciales e inundaciones, que <strong>abonan el terreno para la aparici\u00f3n de epidemias<\/strong> de enfermedades como el c\u00f3lera.<\/p>\n<p>En aquellos pa\u00edses donde esa enfermedad es end\u00e9mica, se estima que 1.300 millones de personas est\u00e1n en riesgo de contraerla, subraya el informe, que tambi\u00e9n advierte de los efectos que el cambio clim\u00e1tico causa en la escasez de alimentos o en las olas de calor, \u201cel riesgo meteorol\u00f3gico m\u00e1s letal en el pasado lustro\u201d.<\/p>\n<p>El organismo recalca en ese sentido que el 30 % de la poblaci\u00f3n mundial vive en zonas cuyas condiciones clim\u00e1ticas generan temperaturas potencialmente mortales durante al menos 20 d\u00edas al a\u00f1o.<\/p>\n<p>Fuente: EFEverde<\/p>\n","protected":false},"excerpt":{"rendered":"<p>La paralizaci\u00f3n de los transportes y de buena parte de <a href=\"https:\/\/sertv.gob.pa\/crisolfm\/la-crisis-de-la-covid-19-no-frenara-el-calentamiento-global-advierte-la-omm\/\"> [&#8230;]<\/a><\/p>\n","protected":false},"author":64,"featured_media":27945,"comment_status":"closed","ping_status":"closed","sticky":false,"template":"","format":"standard","meta":{"footnotes":""},"categories":[7],"tags":[],"class_list":["post-27943","post","type-post","status-publish","format-standard","has-post-thumbnail","hentry","category-ecologicas"],"_links":{"self":[{"href":"https:\/\/sertv.gob.pa\/crisolfm\/wp-json\/wp\/v2\/posts\/27943","targetHints":{"allow":["GET"]}}],"collection":[{"href":"https:\/\/sertv.gob.pa\/crisolfm\/wp-json\/wp\/v2\/posts"}],"about":[{"href":"https:\/\/sertv.gob.pa\/crisolfm\/wp-json\/wp\/v2\/types\/post"}],"author":[{"embeddable":true,"href":"https:\/\/sertv.gob.pa\/crisolfm\/wp-json\/wp\/v2\/users\/64"}],"replies":[{"embeddable":true,"href":"https:\/\/sertv.gob.pa\/crisolfm\/wp-json\/wp\/v2\/comments?post=27943"}],"version-history":[{"count":1,"href":"https:\/\/sertv.gob.pa\/crisolfm\/wp-json\/wp\/v2\/posts\/27943\/revisions"}],"predecessor-version":[{"id":27946,"href":"https:\/\/sertv.gob.pa\/crisolfm\/wp-json\/wp\/v2\/posts\/27943\/revisions\/27946"}],"wp:featuredmedia":[{"embeddable":true,"href":"https:\/\/sertv.gob.pa\/crisolfm\/wp-json\/wp\/v2\/media\/27945"}],"wp:attachment":[{"href":"https:\/\/sertv.gob.pa\/crisolfm\/wp-json\/wp\/v2\/media?parent=27943"}],"wp:term":[{"taxonomy":"category","embeddable":true,"href":"https:\/\/sertv.gob.pa\/crisolfm\/wp-json\/wp\/v2\/categories?post=27943"},{"taxonomy":"post_tag","embeddable":true,"href":"https:\/\/sertv.gob.pa\/crisolfm\/wp-json\/wp\/v2\/tags?post=27943"}],"curies":[{"name":"wp","href":"https:\/\/api.w.org\/{rel}","templated":true}]}}