{"id":27950,"date":"2020-04-28T17:56:10","date_gmt":"2020-04-28T17:56:10","guid":{"rendered":"https:\/\/sertv.gob.pa\/crisolfm\/?p=27950"},"modified":"2020-04-28T17:56:10","modified_gmt":"2020-04-28T17:56:10","slug":"escritora-moravia-ochoa-recibe-condecoracion-rogelio-sinan","status":"publish","type":"post","link":"https:\/\/sertv.gob.pa\/crisolfm\/escritora-moravia-ochoa-recibe-condecoracion-rogelio-sinan\/","title":{"rendered":"Escritora Moravia Ochoa recibe condecoraci\u00f3n Rogelio Sin\u00e1n"},"content":{"rendered":"<p><strong>Panam\u00e1, 25 de abril de 2020.<\/strong> El Ministerio de Educaci\u00f3n, el Ministerio de Cultura y el Consejo Nacional de Escritores y Escritoras de Panam\u00e1, anunciaron que la escritora Morava Ochoa recibe este a\u00f1o la Condecoraci\u00f3n Rogelio Sin\u00e1n, que se confiere a un distinguido autor por los m\u00e9ritos literarios y humanos de toda una vida, en celebraci\u00f3n del d\u00eda de la escritora y el escritor paname\u00f1o.<\/p>\n<p>El 25 de abril de cada a\u00f1o, en Panam\u00e1 se exalta esta fecha en honor a Bernardo Dom\u00ednguez Alba, mejor conocido como Rogelio Sin\u00e1n, quien naci\u00f3 en la isla de Taboga el 25 de abril de 1902 y falleci\u00f3 en ciudad de Panam\u00e1 el 4 de octubre de 1994, y en reconocimiento a la trayectoria literaria de un escritor o escritora nacional por su gran aporte a la cultura nacional.<\/p>\n<p>Carlos Aguilar Navarro, ministro de Cultura, explic\u00f3 que este gran m\u00e9rito literario honra el trabajo, esfuerzo y dedicaci\u00f3n de la ganadora del premio Ricardo Mir\u00f3, Moravia Ochoa, por su dedicaci\u00f3n a las letras, as\u00ed como por su amor y compromiso con la Patria.<\/p>\n<p>El Consejo Nacional de Escritores y Escritoras de Panam\u00e1, compuesto por representantes del Ministerio de Cultura, el Ministerio de Educaci\u00f3n, la Universidad de Panam\u00e1, la Universidad Especializada de las Am\u00e9ricas, la Academia Paname\u00f1a de la Lengua, la Universidad Aut\u00f3noma de Chiriqu\u00ed (UNACHI), la Universidad Tecnol\u00f3gica de Panam\u00e1, la Universidad Santa Mar\u00eda La Antigua, y la Fundaci\u00f3n Biblioteca Nacional, es la entidad encargada de designar, cada dos a\u00f1os, al galardonado.<\/p>\n<p>Moravia Ochoa es educadora y Licenciada en Filosof\u00eda y Letras por la Universidad de Panam\u00e1. A sus 17 a\u00f1os, gan\u00f3 el primer premio nacional de literatura Ricardo Mir\u00f3, en la secci\u00f3n poes\u00eda, con su obra Las Ra\u00edces Primordiales. Luego, en 1960 gana el primer premio de este mismo certamen, en esta ocasi\u00f3n el g\u00e9nero cuento, con su obra Yesca y en 1964, recibe menci\u00f3n honor\u00edfica del Concurso Literario Ricardo Mir\u00f3, secci\u00f3n cuento, por su obra El espejo.<\/p>\n<p>En 2012, obtuvo el primer lugar en el aparte Poes\u00eda, en el XXXII Certamen Nacional de Arte del Trabajo 2012, del Concurso Nacional Premios IPEL, auspiciado por el Instituto Paname\u00f1o de Estudios Laborales, IPEL, del Ministerio de Trabajo y Desarrollo Laboral.<\/p>\n<p>Su obra po\u00e9tica la completan las obras Cuerdas sobre tu voz de albas infinitas (1960, Donde transan los r\u00edos (1967), C\u00edrculos y planetas (1975), Hacer la guerra es ir con todo (1978), Ganas de estar un poco vivos (1975), Me ensayo para ser una mujer (1984), Contar desnuda (2000); La gracia del arc\u00e1ngel (2005) y La casa inmaculada (2005).<\/p>\n<p>Su labor como cuentista la integran los libros El espejo (1968), Juan Garz\u00f3n se va a la guerra (1992), En la trampa y otras versiones in\u00e9ditas (1997) y Las esferas del viaje (2005).<\/p>\n<p>Ochoa aparece en diversas antolog\u00edas po\u00e9ticas. Cuentos y poemas suyos han sido traducido al ingl\u00e9s y polaco, entre otras lenguas. Es una gran admiradora de la literatura hecha por Demetrio Korsi y Ricardo Mir\u00f3 en Panam\u00e1 y fuera de nuestras fronteras se inclina por figuras como Rub\u00e9n Dar\u00edo y Pablo Neruda, entre otros.<\/p>\n<p>En la historia de la condecoraci\u00f3n Rogelio Sin\u00e1n han sido distinguidos grandes representantes de nuestra literatura, entre los que se destacan Elsie Alvarado de Ricord, Guillermo S\u00e1nchez Borb\u00f3n, Carlos Francisco Changmar\u00edn, Pedro Rivera, Demetrio F\u00e1brega, \u00c1lvaro Men\u00e9ndez Franco, C\u00e9sar Young N\u00fa\u00f1ez, Jos\u00e9 Franco y Justo Arroyo.<\/p>\n<p>Pr\u00f3ximamente, se dar\u00e1 a conocer la fecha precisa en la que el presidente de la Rep\u00fablica, Laurentino Cortizo Cohen, entregar\u00e1 este reconocimiento tal como lo indica la ley ejecutiva que crea esta distinci\u00f3n.<\/p>\n<p>Fuente: Mi Cultura<\/p>\n","protected":false},"excerpt":{"rendered":"<p>Panam\u00e1, 25 de abril de 2020. El Ministerio de Educaci\u00f3n, <a href=\"https:\/\/sertv.gob.pa\/crisolfm\/escritora-moravia-ochoa-recibe-condecoracion-rogelio-sinan\/\"> [&#8230;]<\/a><\/p>\n","protected":false},"author":64,"featured_media":27951,"comment_status":"closed","ping_status":"closed","sticky":false,"template":"","format":"standard","meta":{"footnotes":""},"categories":[6],"tags":[],"class_list":["post-27950","post","type-post","status-publish","format-standard","has-post-thumbnail","hentry","category-culturales"],"_links":{"self":[{"href":"https:\/\/sertv.gob.pa\/crisolfm\/wp-json\/wp\/v2\/posts\/27950","targetHints":{"allow":["GET"]}}],"collection":[{"href":"https:\/\/sertv.gob.pa\/crisolfm\/wp-json\/wp\/v2\/posts"}],"about":[{"href":"https:\/\/sertv.gob.pa\/crisolfm\/wp-json\/wp\/v2\/types\/post"}],"author":[{"embeddable":true,"href":"https:\/\/sertv.gob.pa\/crisolfm\/wp-json\/wp\/v2\/users\/64"}],"replies":[{"embeddable":true,"href":"https:\/\/sertv.gob.pa\/crisolfm\/wp-json\/wp\/v2\/comments?post=27950"}],"version-history":[{"count":1,"href":"https:\/\/sertv.gob.pa\/crisolfm\/wp-json\/wp\/v2\/posts\/27950\/revisions"}],"predecessor-version":[{"id":27952,"href":"https:\/\/sertv.gob.pa\/crisolfm\/wp-json\/wp\/v2\/posts\/27950\/revisions\/27952"}],"wp:featuredmedia":[{"embeddable":true,"href":"https:\/\/sertv.gob.pa\/crisolfm\/wp-json\/wp\/v2\/media\/27951"}],"wp:attachment":[{"href":"https:\/\/sertv.gob.pa\/crisolfm\/wp-json\/wp\/v2\/media?parent=27950"}],"wp:term":[{"taxonomy":"category","embeddable":true,"href":"https:\/\/sertv.gob.pa\/crisolfm\/wp-json\/wp\/v2\/categories?post=27950"},{"taxonomy":"post_tag","embeddable":true,"href":"https:\/\/sertv.gob.pa\/crisolfm\/wp-json\/wp\/v2\/tags?post=27950"}],"curies":[{"name":"wp","href":"https:\/\/api.w.org\/{rel}","templated":true}]}}