{"id":27953,"date":"2020-04-28T18:05:47","date_gmt":"2020-04-28T18:05:47","guid":{"rendered":"https:\/\/sertv.gob.pa\/crisolfm\/?p=27953"},"modified":"2020-04-28T18:05:47","modified_gmt":"2020-04-28T18:05:47","slug":"mi-cultura-en-casa-se-posiciona-en-las-preferencias","status":"publish","type":"post","link":"https:\/\/sertv.gob.pa\/crisolfm\/mi-cultura-en-casa-se-posiciona-en-las-preferencias\/","title":{"rendered":"\u201cMi Cultura en Casa\u201d se posiciona en las preferencias"},"content":{"rendered":"<p><strong>Panam\u00e1 28 de abril de 2020.<\/strong> \u00a0Con una agenda cargada de producci\u00f3n nacional, \u201cMi Cultura en Casa\u201d se ha convertido en la alternativa cultural preferida de todas las noches, a trav\u00e9s de los canales de Youtube y Facebook del Ministerio de Cultura, las pantallas de SERTV, Canal TV y las plataformas digitales de MedcomGO y TVNPass y 507Go de Nex, en donde la audiencia ha tenido la oportunidad de disfrutar por m\u00e1s de cuatro semanas de una veintena de conciertos con m\u00fasica de todos los g\u00e9neros, una docena pel\u00edculas entre documentales y series originales.<\/p>\n<p>Esta semana inici\u00f3 con la proyecci\u00f3n de los documentales Zachrisson y R\u00edo Abajo: Los a\u00f1os dorados. El primero muestra la vida del maestro Julio Zachrisson, uno de los artistas de grabado m\u00e1s importantes en Panam\u00e1 y que fue realizado por Abner Benaim; mientras que R\u00edo Abajo: Los a\u00f1os Dorados, de Winnie Sitton, cuenta a trav\u00e9s de un recorrido hist\u00f3rico por los bares y teatros la vida de la \u00e9poca dorada de esta comunidad.<\/p>\n<p>La programaci\u00f3n contin\u00faa con el proyecto televisivo de Sertv \u201cAduana 24\/7\u201d que muestra el trabajo diario que realizan los hombres y mujeres que laboran en los aeropuertos, puertos, puntos de control y dem\u00e1s recintos aduaneros a lo largo del territorio nacional.<\/p>\n<p>Las melod\u00edas de la Orquesta Sinf\u00f3nica de C\u00e1mara Universitaria, las palabras que se hacen rimas junto a los Trovadores, las ense\u00f1anzas hecha m\u00fasica al ritmo del gran Rub\u00e9n Blades, el ritmo de Joey Montana con el g\u00e9nero urbano, forman parte de la galer\u00eda musical que trae MiCultura en casa y que finalizar\u00e1 con otro documental de Abner Benaim, Empleadas y Patrones.<\/p>\n<p>Para completar la oferta cultural de este gran proyecto que inici\u00f3 el 20 de marzo, se tienen iniciativas como \u201c#PonteEnlaHistoria\u201d que consiste en simular una foto hist\u00f3rica o escena y hacerla igual o lo m\u00e1s parecida posible, sin salir de casa, las cuales pueden ser compartidas con las redes sociales del Ministerio de Cultura y es abierto a todas las edades.<\/p>\n<p>Asimismo, \u201cEscribe, publica y vende\u201d, bajo la direcci\u00f3n del escritor Carlos Wynter, es otra de las actividades que les brinda la entidad cultural, la cual ya cuenta con dos m\u00f3dulos que pueden encontrarse en la p\u00e1gina de Youtube del Ministerio de Cultura de Panam\u00e1.<\/p>\n<p>MiCultura sigue dise\u00f1ando contenidos para que los amantes de las bellas artes sigan disfrutando de todo lo que le ofrece la cultura, sin salir de casa, siguiendo de esta manera las recomendaciones de las entidades de salud, mientras dure el Estado de Emergencia por el coronavirus.<\/p>\n<p>Fuente: Mi Cultura<\/p>\n","protected":false},"excerpt":{"rendered":"<p>Panam\u00e1 28 de abril de 2020. \u00a0Con una agenda cargada <a href=\"https:\/\/sertv.gob.pa\/crisolfm\/mi-cultura-en-casa-se-posiciona-en-las-preferencias\/\"> [&#8230;]<\/a><\/p>\n","protected":false},"author":64,"featured_media":27954,"comment_status":"closed","ping_status":"closed","sticky":false,"template":"","format":"standard","meta":{"footnotes":""},"categories":[6],"tags":[],"class_list":["post-27953","post","type-post","status-publish","format-standard","has-post-thumbnail","hentry","category-culturales"],"_links":{"self":[{"href":"https:\/\/sertv.gob.pa\/crisolfm\/wp-json\/wp\/v2\/posts\/27953","targetHints":{"allow":["GET"]}}],"collection":[{"href":"https:\/\/sertv.gob.pa\/crisolfm\/wp-json\/wp\/v2\/posts"}],"about":[{"href":"https:\/\/sertv.gob.pa\/crisolfm\/wp-json\/wp\/v2\/types\/post"}],"author":[{"embeddable":true,"href":"https:\/\/sertv.gob.pa\/crisolfm\/wp-json\/wp\/v2\/users\/64"}],"replies":[{"embeddable":true,"href":"https:\/\/sertv.gob.pa\/crisolfm\/wp-json\/wp\/v2\/comments?post=27953"}],"version-history":[{"count":1,"href":"https:\/\/sertv.gob.pa\/crisolfm\/wp-json\/wp\/v2\/posts\/27953\/revisions"}],"predecessor-version":[{"id":27955,"href":"https:\/\/sertv.gob.pa\/crisolfm\/wp-json\/wp\/v2\/posts\/27953\/revisions\/27955"}],"wp:featuredmedia":[{"embeddable":true,"href":"https:\/\/sertv.gob.pa\/crisolfm\/wp-json\/wp\/v2\/media\/27954"}],"wp:attachment":[{"href":"https:\/\/sertv.gob.pa\/crisolfm\/wp-json\/wp\/v2\/media?parent=27953"}],"wp:term":[{"taxonomy":"category","embeddable":true,"href":"https:\/\/sertv.gob.pa\/crisolfm\/wp-json\/wp\/v2\/categories?post=27953"},{"taxonomy":"post_tag","embeddable":true,"href":"https:\/\/sertv.gob.pa\/crisolfm\/wp-json\/wp\/v2\/tags?post=27953"}],"curies":[{"name":"wp","href":"https:\/\/api.w.org\/{rel}","templated":true}]}}