{"id":27956,"date":"2020-04-28T18:15:37","date_gmt":"2020-04-28T18:15:37","guid":{"rendered":"https:\/\/sertv.gob.pa\/crisolfm\/?p=27956"},"modified":"2020-04-28T18:15:37","modified_gmt":"2020-04-28T18:15:37","slug":"inspeccion-de-mancha-oscura-en-la-bahia-de-panama","status":"publish","type":"post","link":"https:\/\/sertv.gob.pa\/crisolfm\/inspeccion-de-mancha-oscura-en-la-bahia-de-panama\/","title":{"rendered":"Inspecci\u00f3n de Mancha Oscura en la Bah\u00eda de Panam\u00e1"},"content":{"rendered":"<p>Luego de las denuncias que circularon en las redes sociales en la tarde de ayer, 26 de abril de 2020, sobre una mancha oscura que se observ\u00f3 en zonas cercanas a la desembocadura del r\u00edo Matasnillo, en la Bah\u00eda de Panam\u00e1 provoc\u00f3 una inspecci\u00f3n preliminar inmediata del <strong>Ministerio de Ambiente <\/strong>en conjunto con la <strong>Polic\u00eda Ambiental. <\/strong><\/p>\n<p>Desde tempranas horas de la ma\u00f1ana de hoy 27 de abril, un equipo interinstitucional integrado por la Polic\u00eda Nacional y ambiental,\u202ft\u00e9cnicos de la Autoridad Mar\u00edtima de Panam\u00e1 y de diversas Direcciones del Ministerio de Ambiente, procedieron a ejecutar inspecci\u00f3n en la desembocadura del r\u00edo\u00a0Matasnillo,\u00a0para verificar las denuncias en las redes sociales.\u202f\u00a0 El patrullaje se desarroll\u00f3 en lanchas hasta donde lo permit\u00eda el caudal del\u00a0r\u00edo\u00a0Matasnillo y en el \u00e1rea mar\u00edtima,\u00a0para evaluar las condiciones del \u00e1rea.<\/p>\n<p>Posteriormente, se solicit\u00f3 apoyo a la administraci\u00f3n de uno de los edificios que est\u00e1n en esta zona para realizar vistas a\u00e9reas y apoyadas con un equipo\u00a0drone. \u202fEstas vistas, permitieron observar mancha oscura, por lo que se procedi\u00f3 a realizar colectas de muestras de agua y sedimento, para su an\u00e1lisis en un laboratorio certificado de Calidad de Agua.<\/p>\n<p>Cabe se\u00f1alar que las fotos que presentaron las redes sociales de la mancha en el d\u00eda de ayer fueron con la marea baja, y cercana a la marea alta de ayer no se observaron. Las mareas bajas en el d\u00eda de ayer fueron a las 5:53 am y a las 6:01 pm, y la marea baja a las 11:58 am. El flujo de agua en el \u00e1rea con marea baja, proviene del r\u00edo Matasnillo. En la inspecci\u00f3n de hoy lunes 27 de abril, la marea era baja.<\/p>\n<p>En el lugar, adem\u00e1s se realiz\u00f3 una prueba de campo con un kit, que permite determinar al aplicar la misma sobre el \u00e1rea afectada y ante degradaci\u00f3n de la materia, que la sustancia se trata de un sedimento a base de aceite, casi en el fondo del mar, el cual se desplaza lentamente.<\/p>\n<p>Los resultados que se obtengan del sedimento de la mancha oscura complementar\u00e1n a las muestras de agua que fueron tomadas\u00a0y ambas determinar\u00e1n c\u00faal es la sustancia oleosa que se observ\u00f3, lo que ayudar\u00e1 a determinar, en la investigaci\u00f3n iniciada, el posible origen de esta.<\/p>\n<p>Adicionalmente en el d\u00eda de hoy el Ministerio de Ambiente en coordinaci\u00f3n con el <strong>Programa de Saneamiento de Panam\u00e1<\/strong>, estar\u00e1n realizando las acciones\u00a0necesarias para identificar el origen de la descarga de la sustancia sobre el rio\u00a0Matasnillo\u00a0o alguno de sus afluentes.<\/p>\n<p>Adem\u00e1s\u00a0de realizar las investigaciones necesarias para identificar\u202fel tipo de sustancia especifica que\u202fha causado la mancha observada, tambi\u00e9n investigamos para determinar el responsable de su vertimiento, para lo cual\u202fha iniciado el proceso administrativo correspondiente. De igual forma, se remitir\u00e1\u202fal Ministerio P\u00fablico la informaci\u00f3n\u202fque se recabe y los resultados que se\u00a0obtengan,\u202fpara\u00a0que se deslinde la posible responsabilidad penal que corresponda ante este hecho.<\/p>\n<p>Fuente: Mi Ambiente<\/p>\n","protected":false},"excerpt":{"rendered":"<p>Luego de las denuncias que circularon en las redes sociales <a href=\"https:\/\/sertv.gob.pa\/crisolfm\/inspeccion-de-mancha-oscura-en-la-bahia-de-panama\/\"> [&#8230;]<\/a><\/p>\n","protected":false},"author":64,"featured_media":27958,"comment_status":"closed","ping_status":"closed","sticky":false,"template":"","format":"standard","meta":{"footnotes":""},"categories":[7],"tags":[],"class_list":["post-27956","post","type-post","status-publish","format-standard","has-post-thumbnail","hentry","category-ecologicas"],"_links":{"self":[{"href":"https:\/\/sertv.gob.pa\/crisolfm\/wp-json\/wp\/v2\/posts\/27956","targetHints":{"allow":["GET"]}}],"collection":[{"href":"https:\/\/sertv.gob.pa\/crisolfm\/wp-json\/wp\/v2\/posts"}],"about":[{"href":"https:\/\/sertv.gob.pa\/crisolfm\/wp-json\/wp\/v2\/types\/post"}],"author":[{"embeddable":true,"href":"https:\/\/sertv.gob.pa\/crisolfm\/wp-json\/wp\/v2\/users\/64"}],"replies":[{"embeddable":true,"href":"https:\/\/sertv.gob.pa\/crisolfm\/wp-json\/wp\/v2\/comments?post=27956"}],"version-history":[{"count":1,"href":"https:\/\/sertv.gob.pa\/crisolfm\/wp-json\/wp\/v2\/posts\/27956\/revisions"}],"predecessor-version":[{"id":27960,"href":"https:\/\/sertv.gob.pa\/crisolfm\/wp-json\/wp\/v2\/posts\/27956\/revisions\/27960"}],"wp:featuredmedia":[{"embeddable":true,"href":"https:\/\/sertv.gob.pa\/crisolfm\/wp-json\/wp\/v2\/media\/27958"}],"wp:attachment":[{"href":"https:\/\/sertv.gob.pa\/crisolfm\/wp-json\/wp\/v2\/media?parent=27956"}],"wp:term":[{"taxonomy":"category","embeddable":true,"href":"https:\/\/sertv.gob.pa\/crisolfm\/wp-json\/wp\/v2\/categories?post=27956"},{"taxonomy":"post_tag","embeddable":true,"href":"https:\/\/sertv.gob.pa\/crisolfm\/wp-json\/wp\/v2\/tags?post=27956"}],"curies":[{"name":"wp","href":"https:\/\/api.w.org\/{rel}","templated":true}]}}