{"id":2796,"date":"2015-08-04T18:51:35","date_gmt":"2015-08-04T18:51:35","guid":{"rendered":""},"modified":"2015-08-04T18:51:35","modified_gmt":"2015-08-04T18:51:35","slug":"dia-nacional-de-la-reforestacion-en-panama-es-establecido","status":"publish","type":"post","link":"https:\/\/sertv.gob.pa\/crisolfm\/dia-nacional-de-la-reforestacion-en-panama-es-establecido\/","title":{"rendered":"D\u00eda Nacional de la Reforestaci\u00f3n en Panam\u00e1 es establecido"},"content":{"rendered":"<p>\nHoy, el Ministerio de Ambiente (MiAmbiente) lanza, oficialmente, el D\u00eda Nacional de la Reforestaci\u00f3n en Panam\u00e1, que se efectuar\u00e1 el pr\u00f3ximo 29 de agosto. <\/p>\n<p>Se trata de un programa que busca recuperar las zonas boscosas del pa\u00eds mediante la reforestaci\u00f3n, especialmente, con el proyecto &lsquo;Alianza por el Mill\u00f3n de Hect\u00e1reas Reforestadas&#8217;, inform\u00f3 MiAmbiente. <\/p>\n<p>La iniciativa es impulsada por el sector privado, con representaci\u00f3n de la C\u00e1mara de Comercio, Industrias y Agricultura de Panam\u00e1 (CCIAP), la Asociaci\u00f3n Nacional para la Conservaci\u00f3n de la Naturaleza (Ancon) y la Asociaci\u00f3n de Reforestadores y Afines de Panam\u00e1 (Anarap), que cuenta con el aval del Gobierno Nacional, a trav\u00e9s del Ministerio de Desarrollo Agropecuario y bajo el liderazgo t\u00e9cnico del Ministerio de Ambiente, agreg\u00f3. <\/p>\n<p>Mirei Endara, ministra de Ambiente; Jorge Arango, ministro de Desarrollo Agropecuario, Carlos Fern\u00e1ndez, presidente de la CCIAP, Rita Spadafora, directora ejecutiva de Ancon y representantes de la Asociaci\u00f3n Nacional de Reforestadores y Afines de Panam\u00e1 (Anarap) presidir\u00e1n el lanzamiento del D\u00eda Nacional de la Reforestaci\u00f3n. <\/p>\n<p>La iniciativa tiene como objetivo principal concienciar y educar a la poblaci\u00f3n paname\u00f1a sobre la importancia de los bosques y los servicios ecosist\u00e9micos que \u00e9stos nos brindan y su uso adecuado, toda vez que existen estudios que se\u00f1ala que Panam\u00e1 tiene un alto porcentaje de degradaci\u00f3n de los bosques y que las sequ\u00edas, inundaciones, elevaci\u00f3n del nivel del mar que se est\u00e1n registrando en la actualidad en diversas partes del mundo, incluyendo Panam\u00e1, no son m\u00e1s que efectos del mal uso de los recursos naturales. <\/p>\n<p>Seg\u00fan un informe de la organizaci\u00f3n WWF sobre la huella ecol\u00f3gica, Panam\u00e1 es el noveno pa\u00eds en Centroam\u00e9rica que m\u00e1s \u00e1rboles tala en la regi\u00f3n, para el uso de tierras para el desarrollo de actividades agr\u00edcolas, ganaderas, urban\u00edsticas y de infraestructuras. <\/p>\n<p>\u00a0 <\/p>\n","protected":false},"excerpt":{"rendered":"<p>Hoy, el Ministerio de Ambiente (MiAmbiente) lanza, oficialmente, el D\u00eda <a href=\"https:\/\/sertv.gob.pa\/crisolfm\/dia-nacional-de-la-reforestacion-en-panama-es-establecido\/\"> [&#8230;]<\/a><\/p>\n","protected":false},"author":1,"featured_media":2797,"comment_status":"closed","ping_status":"closed","sticky":false,"template":"","format":"standard","meta":{"footnotes":""},"categories":[7],"tags":[],"class_list":["post-2796","post","type-post","status-publish","format-standard","has-post-thumbnail","hentry","category-ecologicas"],"_links":{"self":[{"href":"https:\/\/sertv.gob.pa\/crisolfm\/wp-json\/wp\/v2\/posts\/2796","targetHints":{"allow":["GET"]}}],"collection":[{"href":"https:\/\/sertv.gob.pa\/crisolfm\/wp-json\/wp\/v2\/posts"}],"about":[{"href":"https:\/\/sertv.gob.pa\/crisolfm\/wp-json\/wp\/v2\/types\/post"}],"author":[{"embeddable":true,"href":"https:\/\/sertv.gob.pa\/crisolfm\/wp-json\/wp\/v2\/users\/1"}],"replies":[{"embeddable":true,"href":"https:\/\/sertv.gob.pa\/crisolfm\/wp-json\/wp\/v2\/comments?post=2796"}],"version-history":[{"count":0,"href":"https:\/\/sertv.gob.pa\/crisolfm\/wp-json\/wp\/v2\/posts\/2796\/revisions"}],"wp:featuredmedia":[{"embeddable":true,"href":"https:\/\/sertv.gob.pa\/crisolfm\/wp-json\/wp\/v2\/media\/2797"}],"wp:attachment":[{"href":"https:\/\/sertv.gob.pa\/crisolfm\/wp-json\/wp\/v2\/media?parent=2796"}],"wp:term":[{"taxonomy":"category","embeddable":true,"href":"https:\/\/sertv.gob.pa\/crisolfm\/wp-json\/wp\/v2\/categories?post=2796"},{"taxonomy":"post_tag","embeddable":true,"href":"https:\/\/sertv.gob.pa\/crisolfm\/wp-json\/wp\/v2\/tags?post=2796"}],"curies":[{"name":"wp","href":"https:\/\/api.w.org\/{rel}","templated":true}]}}