{"id":27967,"date":"2020-04-29T18:06:53","date_gmt":"2020-04-29T18:06:53","guid":{"rendered":"https:\/\/sertv.gob.pa\/crisolfm\/?p=27967"},"modified":"2020-04-29T18:06:53","modified_gmt":"2020-04-29T18:06:53","slug":"mi-ambiente-veraguas-rescata-babillo-en-zona-residencial","status":"publish","type":"post","link":"https:\/\/sertv.gob.pa\/crisolfm\/mi-ambiente-veraguas-rescata-babillo-en-zona-residencial\/","title":{"rendered":"Mi Ambiente Veraguas rescata babillo en zona residencial"},"content":{"rendered":"<p>La Direcci\u00f3n Regional de MiAmbiente en Veraguas sigue trabajando arduamente en defensa y protecci\u00f3n de la biodiversidad de la fauna y flora en la regi\u00f3n.<\/p>\n<p>Personal del Departamento de \u00c1reas Protegidas realiz\u00f3 el rescate de un babillo o lagarto en la zona residencial de San Mart\u00edn en Santiago de Veraguas.<\/p>\n<p>El animal de especie <em>Caiman crocodilus<\/em> con una longitud de 1.20m presentaba buena salud y no ten\u00eda da\u00f1o alguno. Se procedi\u00f3 a su traslado y posterior liberaci\u00f3n a un \u00e1rea protegida y de mejor condici\u00f3n, fuera de las zonas residenciales.<\/p>\n<p>MiAmbiente Veraguas sigue trabajando de la mano con las entidades de seguridad y por la salud y bienestar de la comunidad. Se reitera seguir las medidas del MINSA ante la situaci\u00f3n de la Pandemia COVID-19. Unidos lo Hacemos.<\/p>\n<p>Fuente: Mi Ambiente<\/p>\n<div id=\"gallery-1\" class=\"gallery galleryid-15020 gallery-columns-4 gallery-size-thumbnail\"><\/div>\n","protected":false},"excerpt":{"rendered":"<p>La Direcci\u00f3n Regional de MiAmbiente en Veraguas sigue trabajando arduamente <a href=\"https:\/\/sertv.gob.pa\/crisolfm\/mi-ambiente-veraguas-rescata-babillo-en-zona-residencial\/\"> [&#8230;]<\/a><\/p>\n","protected":false},"author":64,"featured_media":27968,"comment_status":"closed","ping_status":"closed","sticky":false,"template":"","format":"standard","meta":{"footnotes":""},"categories":[7],"tags":[],"class_list":["post-27967","post","type-post","status-publish","format-standard","has-post-thumbnail","hentry","category-ecologicas"],"_links":{"self":[{"href":"https:\/\/sertv.gob.pa\/crisolfm\/wp-json\/wp\/v2\/posts\/27967","targetHints":{"allow":["GET"]}}],"collection":[{"href":"https:\/\/sertv.gob.pa\/crisolfm\/wp-json\/wp\/v2\/posts"}],"about":[{"href":"https:\/\/sertv.gob.pa\/crisolfm\/wp-json\/wp\/v2\/types\/post"}],"author":[{"embeddable":true,"href":"https:\/\/sertv.gob.pa\/crisolfm\/wp-json\/wp\/v2\/users\/64"}],"replies":[{"embeddable":true,"href":"https:\/\/sertv.gob.pa\/crisolfm\/wp-json\/wp\/v2\/comments?post=27967"}],"version-history":[{"count":1,"href":"https:\/\/sertv.gob.pa\/crisolfm\/wp-json\/wp\/v2\/posts\/27967\/revisions"}],"predecessor-version":[{"id":27969,"href":"https:\/\/sertv.gob.pa\/crisolfm\/wp-json\/wp\/v2\/posts\/27967\/revisions\/27969"}],"wp:featuredmedia":[{"embeddable":true,"href":"https:\/\/sertv.gob.pa\/crisolfm\/wp-json\/wp\/v2\/media\/27968"}],"wp:attachment":[{"href":"https:\/\/sertv.gob.pa\/crisolfm\/wp-json\/wp\/v2\/media?parent=27967"}],"wp:term":[{"taxonomy":"category","embeddable":true,"href":"https:\/\/sertv.gob.pa\/crisolfm\/wp-json\/wp\/v2\/categories?post=27967"},{"taxonomy":"post_tag","embeddable":true,"href":"https:\/\/sertv.gob.pa\/crisolfm\/wp-json\/wp\/v2\/tags?post=27967"}],"curies":[{"name":"wp","href":"https:\/\/api.w.org\/{rel}","templated":true}]}}