{"id":27970,"date":"2020-04-29T18:23:52","date_gmt":"2020-04-29T18:23:52","guid":{"rendered":"https:\/\/sertv.gob.pa\/crisolfm\/?p=27970"},"modified":"2020-04-29T18:23:52","modified_gmt":"2020-04-29T18:23:52","slug":"micultura-distingue-aportes-de-alfonso-papito-almanza-en-la-gestion-cultural","status":"publish","type":"post","link":"https:\/\/sertv.gob.pa\/crisolfm\/micultura-distingue-aportes-de-alfonso-papito-almanza-en-la-gestion-cultural\/","title":{"rendered":"MICULTURA distingue aportes de Alfonso \u201cPapito\u201d Almanza en la gesti\u00f3n cultural"},"content":{"rendered":"<p>El Ministerio de Cultura lament\u00f3 el fallecimiento del gestor cultural Alfonso \u201cPapito\u201d Almanza y distingui\u00f3 el gran aporte y legado que, como productor musical, lider\u00f3 en las artes esc\u00e9nicas y en grandes espect\u00e1culos que se han realizado por d\u00e9cadas en el pa\u00eds.<\/p>\n<p>Carlos Aguilar Navarro, ministro de Cultura, reconoci\u00f3 su labor y dedicaci\u00f3n por las producciones art\u00edsticas de estrellas nacionales e internacionales, las asesor\u00edas a eventos de recaudaci\u00f3n de fondos ben\u00e9ficos desde 1987 hasta 1996, as\u00ed como su labor como creador, productor y director de diferentes festivales nacionales e internacionales, incluyendo el Festival OTI, la primera Telet\u00f3n 20-30 y Voces de Panam\u00e1.<\/p>\n<p>En el servicio p\u00fablico, Almanza fue C\u00f3nsul General de Panam\u00e1 en Venecia, Italia (1984-1987), director general Centro de Convenciones ATLAPA en el periodo 1980-1983, as\u00ed como director y administrador del Teatro Nacional entre 1970 y 1980.<\/p>\n<p>Sus colegas de trabajo y amigos del espect\u00e1culo en Panam\u00e1 lo recuerdan como el mejor productor de Panam\u00e1, adem\u00e1s, de un firme defensor por resaltar al artista paname\u00f1o.<\/p>\n<p>Henry Gorgona, director de Cultura del Municipio de San Miguelito, explic\u00f3 que Panam\u00e1 ha perdido a un gran gestor cultural, director de obras de teatro, promotor musical y desarrollador de los recordados Festivales OTI de la canci\u00f3n.<\/p>\n<p>Gustavo Young, cantante y productor musical, coment\u00f3 que los \u00e9xitos y espect\u00e1culos que produjo y dirigi\u00f3, adem\u00e1s de sus obras de teatro, son incontables, pero siempre se destac\u00f3 por la producci\u00f3n de \u201cVoces de mi Tierra\u201d, donde logr\u00f3 que el artista nacional luciera en todo su esplendor y se pase\u00f3 por casi todo el territorio nacional.<\/p>\n<p>El periodista \u00c1lvaro Alvarado coment\u00f3 que \u201cPanam\u00e1 pierde a uno de sus grandes talentos\u2026 Hablar de Papito es hablar de televisi\u00f3n, teatro, espect\u00e1culos, carnavales, m\u00fasica, cine\u201d.<\/p>\n<p>A su vez, el cantante Roger Bar\u00e9s manifest\u00f3 que Almanza se merece un espacio especial en la historia de todos los creadores y coordinadores de las actividades art\u00edsticas en Panam\u00e1.<\/p>\n<p>Por su valiosa creatividad y liderazgo fue creador, productor, director y asesor de diferentes festivales nacionales e internacionales entre los que se destacan: el 3er Festival de la Canci\u00f3n (Panam\u00e1 2013), 2do Festival de la Canci\u00f3n (San Juan, Puerto Rico 2004), 1er Festival de la Canci\u00f3n, Panam\u00e1 Viejo (Panam\u00e1 2003), Director Expo-Mujer (Panam\u00e1 1996), Eventos Art\u00edsticos para Canal 12, San Salvador (El Salvador 1995-1997), Director de Espect\u00e1culos para el Teatro Nacional Rub\u00e9n Dar\u00edo, (Managua, Nicaragua 1994-1995).<\/p>\n<p>En su haber profesional y don de gente fue grandiosa la labor de promover la recolecci\u00f3n de fondos al frente de organizaciones c\u00edvicas en la Telet\u00f3n 20-30 tanto de Panam\u00e1 y Col\u00f3n, Asociaci\u00f3n Nacional contra el C\u00e1ncer, Hogares Crea, Nutre Hogar, entre otras.<\/p>\n<p>\u201cPapito\u201d Almanza Serrato fue galardonado de muchas maneras, obteniendo premiaciones como el Premio Anita Villalaz: Profesional del teatro paname\u00f1o en 1981, B\u00faho de Oro; figura del a\u00f1o (1978,1980, 1981, 1984), Ganador del 1er y 2do premio del festival OTI Panam\u00e1 1994: Autor y compositor (representando a Panam\u00e1 en Valencia, Espa\u00f1a), Premio de Prensa Venezolana por concierto Panam\u00e1 y Venezuela \u201cCanal de la Amistad\u201d, Poliedro de Caracas. \u201cGuaicaipuro de oro\u201d y Distinci\u00f3n de Mario Kreutzberger \u201cDon Francisco\u201d por esfuerzos Telet\u00f3n Chile, 1981, 1982 \u201cMedalla al m\u00e9rito\u201d.<\/p>\n<p>Fuente: Mi Cultura<\/p>\n","protected":false},"excerpt":{"rendered":"<p>El Ministerio de Cultura lament\u00f3 el fallecimiento del gestor cultural <a href=\"https:\/\/sertv.gob.pa\/crisolfm\/micultura-distingue-aportes-de-alfonso-papito-almanza-en-la-gestion-cultural\/\"> [&#8230;]<\/a><\/p>\n","protected":false},"author":64,"featured_media":27971,"comment_status":"closed","ping_status":"closed","sticky":false,"template":"","format":"standard","meta":{"footnotes":""},"categories":[6],"tags":[],"class_list":["post-27970","post","type-post","status-publish","format-standard","has-post-thumbnail","hentry","category-culturales"],"_links":{"self":[{"href":"https:\/\/sertv.gob.pa\/crisolfm\/wp-json\/wp\/v2\/posts\/27970","targetHints":{"allow":["GET"]}}],"collection":[{"href":"https:\/\/sertv.gob.pa\/crisolfm\/wp-json\/wp\/v2\/posts"}],"about":[{"href":"https:\/\/sertv.gob.pa\/crisolfm\/wp-json\/wp\/v2\/types\/post"}],"author":[{"embeddable":true,"href":"https:\/\/sertv.gob.pa\/crisolfm\/wp-json\/wp\/v2\/users\/64"}],"replies":[{"embeddable":true,"href":"https:\/\/sertv.gob.pa\/crisolfm\/wp-json\/wp\/v2\/comments?post=27970"}],"version-history":[{"count":1,"href":"https:\/\/sertv.gob.pa\/crisolfm\/wp-json\/wp\/v2\/posts\/27970\/revisions"}],"predecessor-version":[{"id":27972,"href":"https:\/\/sertv.gob.pa\/crisolfm\/wp-json\/wp\/v2\/posts\/27970\/revisions\/27972"}],"wp:featuredmedia":[{"embeddable":true,"href":"https:\/\/sertv.gob.pa\/crisolfm\/wp-json\/wp\/v2\/media\/27971"}],"wp:attachment":[{"href":"https:\/\/sertv.gob.pa\/crisolfm\/wp-json\/wp\/v2\/media?parent=27970"}],"wp:term":[{"taxonomy":"category","embeddable":true,"href":"https:\/\/sertv.gob.pa\/crisolfm\/wp-json\/wp\/v2\/categories?post=27970"},{"taxonomy":"post_tag","embeddable":true,"href":"https:\/\/sertv.gob.pa\/crisolfm\/wp-json\/wp\/v2\/tags?post=27970"}],"curies":[{"name":"wp","href":"https:\/\/api.w.org\/{rel}","templated":true}]}}