{"id":28004,"date":"2020-05-04T19:06:19","date_gmt":"2020-05-04T19:06:19","guid":{"rendered":"https:\/\/sertv.gob.pa\/crisolfm\/?p=28004"},"modified":"2020-05-04T19:06:19","modified_gmt":"2020-05-04T19:06:19","slug":"no-olvides-participar-en-el-proyecto-que-lanza-micultura-mi-historia-cuenta-panama","status":"publish","type":"post","link":"https:\/\/sertv.gob.pa\/crisolfm\/no-olvides-participar-en-el-proyecto-que-lanza-micultura-mi-historia-cuenta-panama\/","title":{"rendered":"No olvides participar en el proyecto que lanza MiCultura: \u201cMi Historia Cuenta Panam\u00e1\u201d"},"content":{"rendered":"<p>El Ministerio de Cultura, con el apoyo del Banco Interamericano de Desarrollo (BID), lanza el proyecto \u201cMi historia cuenta Panam\u00e1\u201d en el que se invita a j\u00f3venes y adultos de 18 a 25 a\u00f1os a contar, por medio de fotograf\u00edas, su historia sobre c\u00f3mo, d\u00f3nde y con qui\u00e9nes pasan la cuarentena durante esta pandemia en cada hogar.<\/p>\n<p>Para este proyecto se busca que el registro fotogr\u00e1fico se realice con tel\u00e9fonos celulares con base a cuatro categor\u00edas: espacios, objetos, actividades y personas. Para lograr el objetivo, las fotograf\u00edas deben transmitir lo que el autor de la fotograf\u00eda valora y considera importante en medio de esta cuarentena. En \u201cMi historia cuenta Panam\u00e1\u201d participa p\u00fablico general a nivel nacional, aceptando una foto por n\u00facleo familiar fotografiado desde casa.<\/p>\n<p>El ministro de Cultura, Carlos Aguilar Navarro, comenta: \u201cse ha elegido la fotograf\u00eda como veh\u00edculo de t\u00e9cnica y arte porque sentimos que crea una hist\u00f3rica e importante conexi\u00f3n con el presente. A trav\u00e9s de esta convocatoria, queremos ayudar a mantener, promover y expandir las relaciones humanas, generando empat\u00eda, solidaridad y conciencia en estos tiempos inciertos\u201d.<\/p>\n<p>Por su parte, la Representante del BID en Panam\u00e1, Ver\u00f3nica Zavala, apunt\u00f3: \u201cDesde el BID reconocemos el rol de la cultura y la memoria hist\u00f3rica en las transformaciones sociales y apostamos por su papel central como parte de la respuesta integral a la crisis actual. La documentaci\u00f3n de este momento hist\u00f3rico, desde cada hogar y con una herramienta de uso cotidiano, puede contribuir a la construcci\u00f3n de una nueva normalidad, m\u00e1s participativa y equitativa\u201d.<\/p>\n<p>El proyecto, que cuenta con el apoyo del Despacho de la Primera Dama de la Rep\u00fablica, Yazm\u00edn Col\u00f3n de Cortizo y la colaboraci\u00f3n del movimiento global #ResiliArt de Unesco, un impulso al arte y a los creadores en respuesta a la pandemia por el Covid-19, tendr\u00e1 una duraci\u00f3n del 30 abril al 5 de mayo de 2020 y las personas que deseen participar deber\u00e1n publicar sus fotos desde sus hogares en Instagram, Twitter y Facebook con el hashtag #MiHistoriaCuentaPma. El jurado seleccionar\u00e1 3 ganadores por categor\u00eda y entre los premios estar\u00e1n smartphones, cursos y diplomados. Para mayor informaci\u00f3n, consultar la web www.micultura.gob.pa<\/p>\n<p>Esta iniciativa forma parte del Plan Prot\u00e9gete Panam\u00e1, ejecutado por el Gobierno Nacional para evitar la propagaci\u00f3n del COVID-19 en el pa\u00eds.<\/p>\n<p><strong>Sobre MiCultura<\/strong><\/p>\n<p>El Ministerio de Cultura de Panam\u00e1 es la entidad rectora del Estado en materia de promoci\u00f3n, protecci\u00f3n y divulgaci\u00f3n de los derechos culturales, las expresiones culturales, los procesos creativos y el patrimonio cultural e hist\u00f3rico, el di\u00e1logo intercultural y la cooperaci\u00f3n cultural; as\u00ed como todas las actividades relacionadas con el fomento del desarrollo sostenible a trav\u00e9s de la cultura y las pol\u00edticas p\u00fablicas de cultura en el territorio nacional, para permitir y facilitar el acceso a la ciudadan\u00eda en general a las artes y cultura en la Rep\u00fablica de Panam\u00e1.<\/p>\n<p><strong>Sobre el Despacho de la Primera Dama<\/strong><\/p>\n<p>Adscrita a la Presidencia de la Rep\u00fablica, el Despacho de la Primera Dama sirve de puente en la gesti\u00f3n de programas y proyectos sociales que, en el marco de pol\u00edticas del Estado, promuevan el desarrollo integral de personas, familias y comunidades para la superaci\u00f3n de la exclusi\u00f3n generada por la pobreza y la vulnerabilidad, trabajando con humildad, sencillez, honestidad, transparencia y eficiencia.<\/p>\n<p><strong>Sobre Resiliart de UNESCO<\/strong><\/p>\n<p>La Organizaci\u00f3n de las Naciones Unidas para la Educaci\u00f3n, la Ciencia y la Cultura (UNESCO) lanza el movimiento ResiliArt, que busca dar la m\u00e1xima visibilidad a los desaf\u00edos que enfrentan y superan los creadores, artistas y profesionales creativos en este momento de crisis, por lo se est\u00e1 realizando una discusi\u00f3n global exclusiva con profesionales clave de la industria, y se convoca a las voces de los artistas, tanto establecidos como emergentes, a pronunciarse a trav\u00e9s de los medios sociales.<\/p>\n<p><strong>Sobre el BID<\/strong><\/p>\n<p>El Grupo BID es la principal fuente de financiamiento para el desarrollo de Am\u00e9rica Latina y el Caribe. El grupo ayuda a mejorar vidas al brindar soluciones financieras y conocimientos sobre el desarrollo a clientes tanto del sector p\u00fablico como del privado. El grupo est\u00e1 compuesto por el BID, que ha trabajado con gobiernos durante 60 a\u00f1os; BID Invest, que colabora con el sector privado; y BID Lab, que experimenta formas innovadoras de impulsar un crecimiento m\u00e1s inclusivo.<\/p>\n<p><strong>Bases del Proyecto<\/strong><\/p>\n<p>Mi Historia Cuenta<\/p>\n<p>Los concursantes deben participar con una fotograf\u00eda sacada desde un tel\u00e9fono celular (smartphone).<\/p>\n<p>Para participar deben subir sus fotos desde el 30 de abril desde a las 12:00 mediod\u00eda al jueves 05 de mayo hasta las 12:00 mediod\u00eda en las redes: Instagram, Twitter y Facebook. Deben \u201ctaggear\u201d la cuenta @MiCulturaPma y utilizar el #MiHistoriaCuentaPma<\/p>\n<p>Pueden incluir fotograf\u00edas a color y blanco y negro.<\/p>\n<p>Tama\u00f1o: 300 Dpi, y que no exceda los 15 MB (Esto depende del formato expositivo)<\/p>\n<p>Pueden contener filtros, la idea es invitar a explorar la creatividad.<\/p>\n<p>Se permite el uso de software de procesamiento de fotograf\u00edas para manipulaci\u00f3n o edici\u00f3n de las fotograf\u00edas.<\/p>\n<p>Las fotograf\u00edas deben incluir un texto de no m\u00e1s de 180 caracteres donde nos relaten su historia en la foto. Deben mencionar en los 180 caracteres el distrito \/ corregimiento donde viven y la cantidad de personas con las que viven la cuarentena.<\/p>\n<p>Las categor\u00edas son: Espacios, Objetos, Actividades y Personas.<\/p>\n<p>Se podr\u00e1 enviar una 1 fotograf\u00eda por unidad familiar.<\/p>\n<p>El jurado har\u00e1 una preselecci\u00f3n las mejores 20 fotos por categor\u00eda (80 en total) y de estas escoger\u00e1 3 ganadores por categor\u00eda (12 en total)<\/p>\n<p>Se recomienda encarecidamente:<\/p>\n<p>No presentar obras con palabras, en ning\u00fan idioma.<\/p>\n<p>La obra presentada no podr\u00e1 ser abiertamente violenta, pol\u00edtica o no alineada con los<\/p>\n<p>valores de MiCultura y el BID.<\/p>\n<p>Al presentar una obra, cada participante deber\u00e1 certificar que posee los derechos de<\/p>\n<p>propiedad sobre dicha obra.<\/p>\n<p>No clasificaran los trabajos que:<\/p>\n<p>Promuevan cualquier tipo de proselitismo pol\u00edtico o religioso<\/p>\n<p>Expongan conductas o expresiones vulgares, o cuyo contenido sea considerado indecente u obsceno;<\/p>\n<p>Utilicen contenido que viole o infrinja los derechos de terceros;<\/p>\n<p>Incluyan contenido que pueda ser considerado difamatorio, calumnioso o injurioso;<\/p>\n<p>Incluyan contenido que promueva la intolerancia, el racismo, el odio o perjuicios contra cualquier grupo o individuo, o la discriminaci\u00f3n por motivos de raza, g\u00e9nero, religi\u00f3n, nacionalidad, discapacidad, orientaci\u00f3n sexual o edad.<\/p>\n<p>Fuente: Mi Cultura<\/p>\n","protected":false},"excerpt":{"rendered":"<p>El Ministerio de Cultura, con el apoyo del Banco Interamericano <a href=\"https:\/\/sertv.gob.pa\/crisolfm\/no-olvides-participar-en-el-proyecto-que-lanza-micultura-mi-historia-cuenta-panama\/\"> [&#8230;]<\/a><\/p>\n","protected":false},"author":64,"featured_media":28005,"comment_status":"closed","ping_status":"closed","sticky":false,"template":"","format":"standard","meta":{"footnotes":""},"categories":[6],"tags":[],"class_list":["post-28004","post","type-post","status-publish","format-standard","has-post-thumbnail","hentry","category-culturales"],"_links":{"self":[{"href":"https:\/\/sertv.gob.pa\/crisolfm\/wp-json\/wp\/v2\/posts\/28004","targetHints":{"allow":["GET"]}}],"collection":[{"href":"https:\/\/sertv.gob.pa\/crisolfm\/wp-json\/wp\/v2\/posts"}],"about":[{"href":"https:\/\/sertv.gob.pa\/crisolfm\/wp-json\/wp\/v2\/types\/post"}],"author":[{"embeddable":true,"href":"https:\/\/sertv.gob.pa\/crisolfm\/wp-json\/wp\/v2\/users\/64"}],"replies":[{"embeddable":true,"href":"https:\/\/sertv.gob.pa\/crisolfm\/wp-json\/wp\/v2\/comments?post=28004"}],"version-history":[{"count":1,"href":"https:\/\/sertv.gob.pa\/crisolfm\/wp-json\/wp\/v2\/posts\/28004\/revisions"}],"predecessor-version":[{"id":28006,"href":"https:\/\/sertv.gob.pa\/crisolfm\/wp-json\/wp\/v2\/posts\/28004\/revisions\/28006"}],"wp:featuredmedia":[{"embeddable":true,"href":"https:\/\/sertv.gob.pa\/crisolfm\/wp-json\/wp\/v2\/media\/28005"}],"wp:attachment":[{"href":"https:\/\/sertv.gob.pa\/crisolfm\/wp-json\/wp\/v2\/media?parent=28004"}],"wp:term":[{"taxonomy":"category","embeddable":true,"href":"https:\/\/sertv.gob.pa\/crisolfm\/wp-json\/wp\/v2\/categories?post=28004"},{"taxonomy":"post_tag","embeddable":true,"href":"https:\/\/sertv.gob.pa\/crisolfm\/wp-json\/wp\/v2\/tags?post=28004"}],"curies":[{"name":"wp","href":"https:\/\/api.w.org\/{rel}","templated":true}]}}