{"id":28007,"date":"2020-05-05T19:00:08","date_gmt":"2020-05-05T19:00:08","guid":{"rendered":"https:\/\/sertv.gob.pa\/crisolfm\/?p=28007"},"modified":"2020-05-05T19:00:08","modified_gmt":"2020-05-05T19:00:08","slug":"mi-ambiente-veraguas-honra-el-dia-del-trabajador","status":"publish","type":"post","link":"https:\/\/sertv.gob.pa\/crisolfm\/mi-ambiente-veraguas-honra-el-dia-del-trabajador\/","title":{"rendered":"Mi Ambiente Veraguas honra el d\u00eda del trabajador"},"content":{"rendered":"<p>La Direcci\u00f3n Regional de Mi Ambiente en Veraguas conmemor\u00f3 el D\u00eda del Trabajador de una manera muy particular, apoyando a cientos de familias que viven las secuelas de la Pandemia COVID-19.<\/p>\n<p>Personal de esta Regional se uni\u00f3 para apoyar,\u00a0 desde el viernes 1 de mayo,\u00a0 D\u00eda del Trabajador y durante todo el fin de semana,\u00a0 en la entrega de m\u00e1s de 1,000 bolsas de comida a los sectores m\u00e1s golpeados de la regi\u00f3n, acci\u00f3n que han venido desarrollando desde que se puso en marcha el Plan Panam\u00e1 Solidario.<\/p>\n<p>En conjunto con las juntas comunales y sus respectivos representantes se hicieron entrega de los apoyos a estas familias que tanto lo necesitan. Entre las comunidades beneficiadas est\u00e1n: Los Balsas, La Iguana, El Llanillo, El Zurro, El Carrasco, Los Barriales, Los Mangos, Higo Mocho, todos pertenecientes al corregimiento de Los Algarrobos.<\/p>\n<p>Tambi\u00e9n se apoy\u00f3 con el traslado de bolsas de comida al distrito de Montijo con la lancha de la instituci\u00f3n y entrega de las mismas a las familias residentes en las Islas de Cebaco, Gobernadora y Leones.<\/p>\n<p>Otro apoyo importante ese dio en el distrito de Santa Fe con el traslado y entrega de bolsas de comida en los sectores de Calovebora, Guabal, El Pantano y Rub\u00e9n Cant\u00fa.<\/p>\n<p>MiAmbiente Veraguas reafirma su compromiso para apoyar con esta loable labor que dirige el presidente Laurentino Cortizo dando un paliativo a los sectores m\u00e1s golpeados de la regi\u00f3n.<\/p>\n<p>Fuente: Mi Ambiente<\/p>\n","protected":false},"excerpt":{"rendered":"<p>La Direcci\u00f3n Regional de Mi Ambiente en Veraguas conmemor\u00f3 el <a href=\"https:\/\/sertv.gob.pa\/crisolfm\/mi-ambiente-veraguas-honra-el-dia-del-trabajador\/\"> [&#8230;]<\/a><\/p>\n","protected":false},"author":64,"featured_media":28008,"comment_status":"closed","ping_status":"closed","sticky":false,"template":"","format":"standard","meta":{"footnotes":""},"categories":[7],"tags":[],"class_list":["post-28007","post","type-post","status-publish","format-standard","has-post-thumbnail","hentry","category-ecologicas"],"_links":{"self":[{"href":"https:\/\/sertv.gob.pa\/crisolfm\/wp-json\/wp\/v2\/posts\/28007","targetHints":{"allow":["GET"]}}],"collection":[{"href":"https:\/\/sertv.gob.pa\/crisolfm\/wp-json\/wp\/v2\/posts"}],"about":[{"href":"https:\/\/sertv.gob.pa\/crisolfm\/wp-json\/wp\/v2\/types\/post"}],"author":[{"embeddable":true,"href":"https:\/\/sertv.gob.pa\/crisolfm\/wp-json\/wp\/v2\/users\/64"}],"replies":[{"embeddable":true,"href":"https:\/\/sertv.gob.pa\/crisolfm\/wp-json\/wp\/v2\/comments?post=28007"}],"version-history":[{"count":1,"href":"https:\/\/sertv.gob.pa\/crisolfm\/wp-json\/wp\/v2\/posts\/28007\/revisions"}],"predecessor-version":[{"id":28009,"href":"https:\/\/sertv.gob.pa\/crisolfm\/wp-json\/wp\/v2\/posts\/28007\/revisions\/28009"}],"wp:featuredmedia":[{"embeddable":true,"href":"https:\/\/sertv.gob.pa\/crisolfm\/wp-json\/wp\/v2\/media\/28008"}],"wp:attachment":[{"href":"https:\/\/sertv.gob.pa\/crisolfm\/wp-json\/wp\/v2\/media?parent=28007"}],"wp:term":[{"taxonomy":"category","embeddable":true,"href":"https:\/\/sertv.gob.pa\/crisolfm\/wp-json\/wp\/v2\/categories?post=28007"},{"taxonomy":"post_tag","embeddable":true,"href":"https:\/\/sertv.gob.pa\/crisolfm\/wp-json\/wp\/v2\/tags?post=28007"}],"curies":[{"name":"wp","href":"https:\/\/api.w.org\/{rel}","templated":true}]}}