{"id":28013,"date":"2020-05-05T19:06:02","date_gmt":"2020-05-05T19:06:02","guid":{"rendered":"https:\/\/sertv.gob.pa\/crisolfm\/?p=28013"},"modified":"2020-05-05T19:06:02","modified_gmt":"2020-05-05T19:06:02","slug":"micultura-comparte-experiencias-sobre-historia-y-estilos-de-arquitectura-y-vivienda-panamena","status":"publish","type":"post","link":"https:\/\/sertv.gob.pa\/crisolfm\/micultura-comparte-experiencias-sobre-historia-y-estilos-de-arquitectura-y-vivienda-panamena\/","title":{"rendered":"MiCultura comparte experiencias sobre historia y estilos de arquitectura y vivienda paname\u00f1a"},"content":{"rendered":"<p>Expertos en el presente y el pasado de la arquitectura y vivienda paname\u00f1a se unieron al Ministerio de Cultura (MiCultura) para realizar el conversatorio virtual \u201cArquitectura Tropical y Pandemia\u201d, sobre los diferentes estilos arquitect\u00f3nicos que se han adaptado a nuestro clima a trav\u00e9s de la historia del pa\u00eds.<\/p>\n<p>La Dra. Marixa Lasso, Directora de Investigaciones y Publicaciones de MiCultura, conducir\u00e1 a los panelistas, entre los que se destacan la doctora Silvia Arroyo y los arquitectos Rodrigo Guardia y Dari\u00e9n Monta\u00f1ez, en este interesante ejercicio conversacional acad\u00e9mico, a realizarse este jueves 7 de mayo a las 9:30 a.m., desde las plataformas virtuales del ministerio (Facebook y Youtube).<\/p>\n<p>\u201cLa cuarentena nos ha mantenido en nuestras casas y es un momento para pensar en la relaci\u00f3n entre arquitectura y ambiente. \u00bfC\u00f3mo son nuestras casas? \u00bfC\u00f3mo eran? \u00bfQu\u00e9 tradiciones deber\u00edamos repensar? \u00bfCu\u00e1les recuperar?\u201d, destac\u00f3 Lasso.<\/p>\n<p>El grupo de expertos disertar\u00e1 sobre los estilos arquitect\u00f3nicos que se han adaptado al clima paname\u00f1o, desde la vivienda ind\u00edgena y la casa de quincha, hasta la vivienda colonial y los edificios modernos de mediados de siglo XX que crearon una modernidad tropical pensada para el calor y la humedad de nuestro clima.<\/p>\n<p>A trav\u00e9s de este tipo de experiencias, el Ministerio de Cultura busca divulgar los trabajos de investigaci\u00f3n sobre la cultura paname\u00f1a ante un p\u00fablico muy amplio y variado que cada vez m\u00e1s se interesa por conocer sobre nuestra historia y comportamientos como sociedad a trav\u00e9s de d\u00e9cadas y siglos.<\/p>\n<p>Fuente: Mi Cultura<\/p>\n","protected":false},"excerpt":{"rendered":"<p>Expertos en el presente y el pasado de la arquitectura <a href=\"https:\/\/sertv.gob.pa\/crisolfm\/micultura-comparte-experiencias-sobre-historia-y-estilos-de-arquitectura-y-vivienda-panamena\/\"> [&#8230;]<\/a><\/p>\n","protected":false},"author":64,"featured_media":28014,"comment_status":"closed","ping_status":"closed","sticky":false,"template":"","format":"standard","meta":{"footnotes":""},"categories":[6],"tags":[],"class_list":["post-28013","post","type-post","status-publish","format-standard","has-post-thumbnail","hentry","category-culturales"],"_links":{"self":[{"href":"https:\/\/sertv.gob.pa\/crisolfm\/wp-json\/wp\/v2\/posts\/28013","targetHints":{"allow":["GET"]}}],"collection":[{"href":"https:\/\/sertv.gob.pa\/crisolfm\/wp-json\/wp\/v2\/posts"}],"about":[{"href":"https:\/\/sertv.gob.pa\/crisolfm\/wp-json\/wp\/v2\/types\/post"}],"author":[{"embeddable":true,"href":"https:\/\/sertv.gob.pa\/crisolfm\/wp-json\/wp\/v2\/users\/64"}],"replies":[{"embeddable":true,"href":"https:\/\/sertv.gob.pa\/crisolfm\/wp-json\/wp\/v2\/comments?post=28013"}],"version-history":[{"count":1,"href":"https:\/\/sertv.gob.pa\/crisolfm\/wp-json\/wp\/v2\/posts\/28013\/revisions"}],"predecessor-version":[{"id":28015,"href":"https:\/\/sertv.gob.pa\/crisolfm\/wp-json\/wp\/v2\/posts\/28013\/revisions\/28015"}],"wp:featuredmedia":[{"embeddable":true,"href":"https:\/\/sertv.gob.pa\/crisolfm\/wp-json\/wp\/v2\/media\/28014"}],"wp:attachment":[{"href":"https:\/\/sertv.gob.pa\/crisolfm\/wp-json\/wp\/v2\/media?parent=28013"}],"wp:term":[{"taxonomy":"category","embeddable":true,"href":"https:\/\/sertv.gob.pa\/crisolfm\/wp-json\/wp\/v2\/categories?post=28013"},{"taxonomy":"post_tag","embeddable":true,"href":"https:\/\/sertv.gob.pa\/crisolfm\/wp-json\/wp\/v2\/tags?post=28013"}],"curies":[{"name":"wp","href":"https:\/\/api.w.org\/{rel}","templated":true}]}}