{"id":28019,"date":"2020-05-06T16:55:41","date_gmt":"2020-05-06T16:55:41","guid":{"rendered":"https:\/\/sertv.gob.pa\/crisolfm\/?p=28019"},"modified":"2020-05-06T16:55:41","modified_gmt":"2020-05-06T16:55:41","slug":"macron-propone-reinventar-el-modelo-cultural-frances-para-combatir-la-pandemia","status":"publish","type":"post","link":"https:\/\/sertv.gob.pa\/crisolfm\/macron-propone-reinventar-el-modelo-cultural-frances-para-combatir-la-pandemia\/","title":{"rendered":"Macron propone reinventar el modelo cultural franc\u00e9s para combatir la pandemia"},"content":{"rendered":"<p>Emmanuel Macron propone \u201creinventar\u201d el \u201csector\u201d y las \u201cindustrias de la cultura\u201d francesa, para combatir la <strong>pandemia del coronavirus<\/strong>, con una ambici\u00f3n europea de resistencia contra los \u201cpredadores\u201d chinos y norteamericanos, percibidos como una amenaza potencial. Se esperaba un <strong>\u201cplan de ayudas\u201d a la cultura<\/strong> nacional, del libro a los museos pasando por el cine, la creaci\u00f3n art\u00edstica y musical.<\/p>\n<p>Tras un debate \u201cv\u00eddeo a v\u00eddeo\u201d con una docena de representantes de los mundos culturales franceses, el presidente de la Rep\u00fablica present\u00f3 un <strong>proyecto de \u201creinvenci\u00f3n\u201d<\/strong>, que comporta ayudas directas pero esboza un nuevo modelo de acci\u00f3n cultural del Estado, m\u00e1s sensible a la iniciativa privada.<\/p>\n<p>De entrada, <strong>museos, librer\u00edas, centros de cultura, comenzar\u00e1n a abrir, \u201cescalonadamente\u201d, a partir del pr\u00f3ximo 11 de mayo<\/strong>. Pero todos los grandes museos nacionales (Louvre, etc\u00e9tera) deber\u00e1n \u201cconcertar\u201d sus posibles aperturas con las autoridades sanitarias. Y no est\u00e1 clara ninguna fecha general. \u201cPaso a paso\u201d. \u201cMuseo a museo, grandes y peque\u00f1os\u201d. A partir de la semana que viene, as\u00ed mismo, podr\u00e1n volver a celebrarse peque\u00f1os festivales y actividades con reuniones de menos de 1.000 personas. A finales de mayo se estudiar\u00e1 la posibilidad de nuevas aperturas.<\/p>\n<p>A juicio de Macron, <strong>todav\u00eda es pronto para poder \u201csaber\u201d cu\u00e1ndo podr\u00e1n volver a abrir sus puertas teatros, cines, \u00f3peras<\/strong>. Se estudiar\u00e1n diversas modalidades. Pero todav\u00eda parece lejana esa reapertura general de los espect\u00e1culos p\u00fablicos en grandes recintos culturales.<\/p>\n<h3 class=\"ladillo\">Ayudas<\/h3>\n<p>En el terreno de las ayudas, el presidente de la Rep\u00fablica confirma grandes acciones de naturaleza distinta a la tradicional. Medianas, peque\u00f1as y muy peque\u00f1as empresas del mundo de la cultura (librer\u00edas, galer\u00edas de arte, etc\u00e9tera) podr\u00e1n acogerse al <strong>Fondo de solidaridad<\/strong>consagrado al resto de las empresas de todo tipo de sectores, anunciado a primeros de marzo: <strong>1.000 millones de euros<\/strong> para el conjunto de las peque\u00f1as y muy peque\u00f1as empresas francesas.<\/p>\n<p>Pero, ojo, a ese fondo pueden aspirar m\u00e1s de 600.000 empresas, de los bares y restaurantes a los comercios no alimenticios y el turismo. La <strong>peque\u00f1a empresa cultural podr\u00e1 recibir ayudas y cr\u00e9ditos especiales<\/strong>, pero en un marco \u201cno protegido\u201d particularmente. Mucho m\u00e1s directamente, otros <strong>22 millones de euros<\/strong> estar\u00e1n consagrados muy especialmente al Centro nacional del libro (CNL), el CNC (Centro nacional del cine y la imagen animada) y el Centro nacional de la m\u00fasica (CNM).<\/p>\n<p>Se trata de un aparente <strong>cambio de doctrina nacional<\/strong>: el sector de la cultura tiene un trato particularizado; pero las ayudas responden a criterios m\u00e1s \u201cempresariales\u201d, en apariencia. A las distintas categor\u00edas de trabajadores en oficios y profesiones art\u00edsticas, Macron propone <strong>dos tipos de ayudas directas e indirectas<\/strong>.<\/p>\n<p>Se lanzar\u00e1 un gran <strong>programa de encargos p\u00fablicos, destinados a creadores de menos de treinta a\u00f1os<\/strong>: escritores, pintores, artistas visuales y el conjunto de los oficios y art\u00edsticos podr\u00e1n recibir ayudas concretas para realizar proyectos y creaciones concretas. Se ver\u00e1 m\u00e1s tarde el alcance presupuestario del fondo.<\/p>\n<p>Los trabajadores intermitentes en todos los sectores culturales (teatros, espect\u00e1culos, m\u00fasicos, actores, etc\u00e9tera) podr\u00e1n beneficiarse de <strong>ayudas directas e indirectas<\/strong> (fiscales) para intentar afrontar la crisis generalizada de todos los sectores. El Ministerio de Cultura ir\u00e1 matizando la totalidad de las ayudas directas e indirectas que ir\u00e1n escalonando el Gobierno.<\/p>\n<p>En su presentaci\u00f3n del proyecto, <strong>Emmanuel Macron<\/strong> insisti\u00f3 en la <strong>dimensi\u00f3n europea<\/strong>: \u201cLos artistas y creadores deben contribuir a reinventar y refundar el puesto de la cultura y su ambici\u00f3n cultural en nuestra naci\u00f3n. En el terreno de la creaci\u00f3n tambi\u00e9n debemos insistir en su dimensi\u00f3n europea. Debemos relanzar la cooperaci\u00f3n y las coproducciones europeas. Necesitamos una Europa de la cultura fuerte, para defender nuestra credibilidad nacional y la creatividad europea. Debemos defendernos contra los predadores chinos y norteamericanos que tienen otros modelos\u201d.<\/p>\n<p>Fuente: ABC<\/p>\n","protected":false},"excerpt":{"rendered":"<p>Emmanuel Macron propone \u201creinventar\u201d el \u201csector\u201d y las \u201cindustrias de <a href=\"https:\/\/sertv.gob.pa\/crisolfm\/macron-propone-reinventar-el-modelo-cultural-frances-para-combatir-la-pandemia\/\"> [&#8230;]<\/a><\/p>\n","protected":false},"author":64,"featured_media":28020,"comment_status":"closed","ping_status":"closed","sticky":false,"template":"","format":"standard","meta":{"footnotes":""},"categories":[6],"tags":[],"class_list":["post-28019","post","type-post","status-publish","format-standard","has-post-thumbnail","hentry","category-culturales"],"_links":{"self":[{"href":"https:\/\/sertv.gob.pa\/crisolfm\/wp-json\/wp\/v2\/posts\/28019","targetHints":{"allow":["GET"]}}],"collection":[{"href":"https:\/\/sertv.gob.pa\/crisolfm\/wp-json\/wp\/v2\/posts"}],"about":[{"href":"https:\/\/sertv.gob.pa\/crisolfm\/wp-json\/wp\/v2\/types\/post"}],"author":[{"embeddable":true,"href":"https:\/\/sertv.gob.pa\/crisolfm\/wp-json\/wp\/v2\/users\/64"}],"replies":[{"embeddable":true,"href":"https:\/\/sertv.gob.pa\/crisolfm\/wp-json\/wp\/v2\/comments?post=28019"}],"version-history":[{"count":1,"href":"https:\/\/sertv.gob.pa\/crisolfm\/wp-json\/wp\/v2\/posts\/28019\/revisions"}],"predecessor-version":[{"id":28021,"href":"https:\/\/sertv.gob.pa\/crisolfm\/wp-json\/wp\/v2\/posts\/28019\/revisions\/28021"}],"wp:featuredmedia":[{"embeddable":true,"href":"https:\/\/sertv.gob.pa\/crisolfm\/wp-json\/wp\/v2\/media\/28020"}],"wp:attachment":[{"href":"https:\/\/sertv.gob.pa\/crisolfm\/wp-json\/wp\/v2\/media?parent=28019"}],"wp:term":[{"taxonomy":"category","embeddable":true,"href":"https:\/\/sertv.gob.pa\/crisolfm\/wp-json\/wp\/v2\/categories?post=28019"},{"taxonomy":"post_tag","embeddable":true,"href":"https:\/\/sertv.gob.pa\/crisolfm\/wp-json\/wp\/v2\/tags?post=28019"}],"curies":[{"name":"wp","href":"https:\/\/api.w.org\/{rel}","templated":true}]}}