{"id":28024,"date":"2020-05-07T16:59:35","date_gmt":"2020-05-07T16:59:35","guid":{"rendered":"https:\/\/sertv.gob.pa\/crisolfm\/?p=28024"},"modified":"2020-05-07T16:59:35","modified_gmt":"2020-05-07T16:59:35","slug":"miambiente-da-seguimiento-a-empresas-reforestadoras-en-el-marco-de-la-cuarentena-en-darien","status":"publish","type":"post","link":"https:\/\/sertv.gob.pa\/crisolfm\/miambiente-da-seguimiento-a-empresas-reforestadoras-en-el-marco-de-la-cuarentena-en-darien\/","title":{"rendered":"MIAMBIENTE DA SEGUIMIENTO A EMPRESAS REFORESTADORAS EN EL MARCO DE LA CUARENTENA EN DARI\u00c9N"},"content":{"rendered":"<p>El secretario general del Ministerio de Ambiente, Jair Urriola, visit\u00f3 recientemente a empresas reforestadoras en la provincia de Dari\u00e9n, como parte del seguimiento que las autoridades est\u00e1n dando a los salvoconductos emitidos por el Ministerio para esta actividad, de acuerdo a las excepciones a la cuarentena del Decreto Ejecutivo por la pandemia de COVID-19.<\/p>\n<p>Urriola, estuvo acompa\u00f1ado por el director Nacional Forestal, V\u00edctor Cadavid, quienes adem\u00e1s de reunirse con los reforestadores del \u00e1rea, tuvieron la oportunidad de visitar varias oficinas de la Regional de un sector de la provincia de Dari\u00e9n, lo que les permiti\u00f3\u00a0 compartir con los colaboradores \u00a0de la instituci\u00f3n, que trabajan arduamente en pro de nuestro ambiente.<\/p>\n<div id=\"gallery-1\" class=\"gallery galleryid-15637 gallery-columns-3 gallery-size-thumbnail\">Fuente: Mi Ambiente<\/div>\n<div><\/div>\n","protected":false},"excerpt":{"rendered":"<p>El secretario general del Ministerio de Ambiente, Jair Urriola, visit\u00f3 <a href=\"https:\/\/sertv.gob.pa\/crisolfm\/miambiente-da-seguimiento-a-empresas-reforestadoras-en-el-marco-de-la-cuarentena-en-darien\/\"> [&#8230;]<\/a><\/p>\n","protected":false},"author":64,"featured_media":28025,"comment_status":"closed","ping_status":"closed","sticky":false,"template":"","format":"standard","meta":{"footnotes":""},"categories":[7],"tags":[],"class_list":["post-28024","post","type-post","status-publish","format-standard","has-post-thumbnail","hentry","category-ecologicas"],"_links":{"self":[{"href":"https:\/\/sertv.gob.pa\/crisolfm\/wp-json\/wp\/v2\/posts\/28024","targetHints":{"allow":["GET"]}}],"collection":[{"href":"https:\/\/sertv.gob.pa\/crisolfm\/wp-json\/wp\/v2\/posts"}],"about":[{"href":"https:\/\/sertv.gob.pa\/crisolfm\/wp-json\/wp\/v2\/types\/post"}],"author":[{"embeddable":true,"href":"https:\/\/sertv.gob.pa\/crisolfm\/wp-json\/wp\/v2\/users\/64"}],"replies":[{"embeddable":true,"href":"https:\/\/sertv.gob.pa\/crisolfm\/wp-json\/wp\/v2\/comments?post=28024"}],"version-history":[{"count":1,"href":"https:\/\/sertv.gob.pa\/crisolfm\/wp-json\/wp\/v2\/posts\/28024\/revisions"}],"predecessor-version":[{"id":28026,"href":"https:\/\/sertv.gob.pa\/crisolfm\/wp-json\/wp\/v2\/posts\/28024\/revisions\/28026"}],"wp:featuredmedia":[{"embeddable":true,"href":"https:\/\/sertv.gob.pa\/crisolfm\/wp-json\/wp\/v2\/media\/28025"}],"wp:attachment":[{"href":"https:\/\/sertv.gob.pa\/crisolfm\/wp-json\/wp\/v2\/media?parent=28024"}],"wp:term":[{"taxonomy":"category","embeddable":true,"href":"https:\/\/sertv.gob.pa\/crisolfm\/wp-json\/wp\/v2\/categories?post=28024"},{"taxonomy":"post_tag","embeddable":true,"href":"https:\/\/sertv.gob.pa\/crisolfm\/wp-json\/wp\/v2\/tags?post=28024"}],"curies":[{"name":"wp","href":"https:\/\/api.w.org\/{rel}","templated":true}]}}