{"id":28027,"date":"2020-05-07T17:01:43","date_gmt":"2020-05-07T17:01:43","guid":{"rendered":"https:\/\/sertv.gob.pa\/crisolfm\/?p=28027"},"modified":"2020-05-07T17:01:43","modified_gmt":"2020-05-07T17:01:43","slug":"miambiente-y-senafront-ubican-madera-ilegal-durante-operativo-en-chepo","status":"publish","type":"post","link":"https:\/\/sertv.gob.pa\/crisolfm\/miambiente-y-senafront-ubican-madera-ilegal-durante-operativo-en-chepo\/","title":{"rendered":"MIAMBIENTE Y SENAFRONT UBICAN MADERA ILEGAL DURANTE OPERATIVO EN CHEPO"},"content":{"rendered":"<p>34 metros c\u00fabicos de madera (cedro espino) fueron ubicados durante un operativo conjunto entre el Ministerio de Ambiente (MiAMBIENTE) y el Servicio Nacional de Fronteras (SENAFRONT) en los sectores de Ipet\u00ed Kuna y Ambroya en el corregimiento de Tort\u00ed, distrito de Chepo.<\/p>\n<p>El propietario de la finca donde fue hallada la madera no contaba con ning\u00fan permiso de aprovechamiento forestal, por lo que se proceder\u00e1 a decomisarla.<\/p>\n<p>Tan pronto se realiz\u00f3 el hallazgo, una patrulla de la Fuerza de Reacci\u00f3n Inmediata contra el Narcoterrorismo (FRICONT) de SENAFRONT, transport\u00f3 la madera hacia un \u00e1rea segura.<\/p>\n<p>El director nacional de Forestal de MiAMBIENTE, V\u00edctor Cadavid, inform\u00f3 que se le impondr\u00e1 un proceso administrativo al due\u00f1o de la finca y si lo amerita, se elevar\u00e1 a la v\u00eda penal. Agreg\u00f3 que la finalidad del operativo es dar con lugares o veh\u00edculos que alberguen o transporten madera ilegal.<\/p>\n<p>Cabe destacar que como parte de las acciones para el combate de la tala, MIAMBIENTE emiti\u00f3 la Resoluci\u00f3n DM-0395-2019 del 13 de septiembre de 2019, publicada en Gaceta Oficial No 28861-B el 16 de septiembre de 2019, que en su art\u00edculo 1 establece la suspensi\u00f3n por un a\u00f1o, el otorgamiento de permisos especiales de aprovechamiento forestal con car\u00e1cter de subsistencia y sus modalidades, permisos comunitarios de aprovechamiento forestal y concesiones de aprovechamiento forestal, a excepci\u00f3n de aquellas solicitudes de dichos permisos en tr\u00e1mite, al momento que entr\u00f3 a regir este art\u00edculo.<\/p>\n<p>Desde el inicio de la administraci\u00f3n del actual Gobierno Nacional, el Ministerio de Ambiente y la Polic\u00eda ambiental con la colaboraci\u00f3n de la ciudadan\u00eda, ha mantenido un combate directo a la tala de \u00e1rboles en todo el pa\u00eds, logrando el decomiso de madera ilegal iniciando procesos administrativos y penales para los infractores y delincuentes ambientales.<\/p>\n<p>Fuente: Mi Ambiente<\/p>\n","protected":false},"excerpt":{"rendered":"<p>34 metros c\u00fabicos de madera (cedro espino) fueron ubicados durante <a href=\"https:\/\/sertv.gob.pa\/crisolfm\/miambiente-y-senafront-ubican-madera-ilegal-durante-operativo-en-chepo\/\"> [&#8230;]<\/a><\/p>\n","protected":false},"author":64,"featured_media":28028,"comment_status":"closed","ping_status":"closed","sticky":false,"template":"","format":"standard","meta":{"footnotes":""},"categories":[7],"tags":[],"class_list":["post-28027","post","type-post","status-publish","format-standard","has-post-thumbnail","hentry","category-ecologicas"],"_links":{"self":[{"href":"https:\/\/sertv.gob.pa\/crisolfm\/wp-json\/wp\/v2\/posts\/28027","targetHints":{"allow":["GET"]}}],"collection":[{"href":"https:\/\/sertv.gob.pa\/crisolfm\/wp-json\/wp\/v2\/posts"}],"about":[{"href":"https:\/\/sertv.gob.pa\/crisolfm\/wp-json\/wp\/v2\/types\/post"}],"author":[{"embeddable":true,"href":"https:\/\/sertv.gob.pa\/crisolfm\/wp-json\/wp\/v2\/users\/64"}],"replies":[{"embeddable":true,"href":"https:\/\/sertv.gob.pa\/crisolfm\/wp-json\/wp\/v2\/comments?post=28027"}],"version-history":[{"count":2,"href":"https:\/\/sertv.gob.pa\/crisolfm\/wp-json\/wp\/v2\/posts\/28027\/revisions"}],"predecessor-version":[{"id":28030,"href":"https:\/\/sertv.gob.pa\/crisolfm\/wp-json\/wp\/v2\/posts\/28027\/revisions\/28030"}],"wp:featuredmedia":[{"embeddable":true,"href":"https:\/\/sertv.gob.pa\/crisolfm\/wp-json\/wp\/v2\/media\/28028"}],"wp:attachment":[{"href":"https:\/\/sertv.gob.pa\/crisolfm\/wp-json\/wp\/v2\/media?parent=28027"}],"wp:term":[{"taxonomy":"category","embeddable":true,"href":"https:\/\/sertv.gob.pa\/crisolfm\/wp-json\/wp\/v2\/categories?post=28027"},{"taxonomy":"post_tag","embeddable":true,"href":"https:\/\/sertv.gob.pa\/crisolfm\/wp-json\/wp\/v2\/tags?post=28027"}],"curies":[{"name":"wp","href":"https:\/\/api.w.org\/{rel}","templated":true}]}}