{"id":28040,"date":"2020-05-08T16:38:49","date_gmt":"2020-05-08T16:38:49","guid":{"rendered":"https:\/\/sertv.gob.pa\/crisolfm\/?p=28040"},"modified":"2020-05-08T16:38:49","modified_gmt":"2020-05-08T16:38:49","slug":"micultura-ofrece-ciclo-de-conferencias-7-tardes-con-la-lectura","status":"publish","type":"post","link":"https:\/\/sertv.gob.pa\/crisolfm\/micultura-ofrece-ciclo-de-conferencias-7-tardes-con-la-lectura\/","title":{"rendered":"MiCultura ofrece ciclo de conferencias \u201c7 Tardes con la Lectura\u201d"},"content":{"rendered":"<p>El Ministerio de Cultura, en colaboraci\u00f3n con el Proyecto 500Historias, iniciar\u00e1 un ciclo de conferencias virtuales denominado \u201c7 Tardes con la Lectura\u201d, dictado por el escritor paname\u00f1o Carlos Fong, encargado de la Oficina de Promoci\u00f3n del Libro y la Lectura de la instituci\u00f3n.<\/p>\n<p>Como parte de las actividades de \u201cMiCultura en Casa\u201d, las conferencias iniciar\u00e1n a partir del pr\u00f3ximo 7 de mayo, con una hora de duraci\u00f3n, de 3 a 4 de la tarde, desde las plataformas del ministerio.<\/p>\n<p>Seg\u00fan el encargado de la Oficina de Promoci\u00f3n del Libro y la Lectura de MiCultura, las conferencias virtuales est\u00e1n dirigidas a profesores, bibliotecarios, gestores culturales, maestros y estudiantes, de escuelas o universidades, oficiales o particulares o personas con intereses literario y amantes de la lectura.<\/p>\n<p>Los temas de cada cl\u00ednica ser\u00e1n: La lectura no sirve para nada, iniciando el ciclo, seguido por \u00a0Literatura y creatividad, el pr\u00f3ximo 14 de mayo; Leer y contar cuentos en primera infancia, programado para el 21 de mayo; La lectura como pr\u00e1ctica sociocultural, a realizarse el 28 de mayo; Lectura y gesti\u00f3n cultural para el 4 de junio; C\u00f3mo nace un cuento que se desarrollar\u00e1 el 11 de junio pr\u00f3ximo, y finalizando con los c\u00edrculos de lectura y la construcci\u00f3n de ciudadan\u00eda para el 18 de junio.<\/p>\n<p>Agrega Fong que en cada encuentro habr\u00e1 una oportunidad de interacci\u00f3n grupal para reflexionar sobre el tema tratado, sobre la promoci\u00f3n de la escritura y de la lectura, y con unas minicharlas dictadas por invitados diferentes, en cada sesi\u00f3n.<\/p>\n<p>\u201cLas cl\u00ednicas est\u00e1n en el marco de Mi Cultura en Casa como parte del programa de animaci\u00f3n sociocultural desde la lectura del Ministerio de la Cultura y con la colaboraci\u00f3n de Proyecto #500Historias, que desde a\u00f1o pasado ha estado construyendo C\u00edrculos de J\u00f3venes Escritores en las escuelas de Panam\u00e1, reiter\u00f3 Fong\u201d.<\/p>\n<p>Para participar favor registrarse a 500Historias.com\/7tardes para obtener los datos y para entrar a las videoconferencias v\u00eda zoom.<\/p>\n<p>Fuente: Mi Cultura<\/p>\n","protected":false},"excerpt":{"rendered":"<p>El Ministerio de Cultura, en colaboraci\u00f3n con el Proyecto 500Historias, <a href=\"https:\/\/sertv.gob.pa\/crisolfm\/micultura-ofrece-ciclo-de-conferencias-7-tardes-con-la-lectura\/\"> [&#8230;]<\/a><\/p>\n","protected":false},"author":64,"featured_media":28041,"comment_status":"closed","ping_status":"closed","sticky":false,"template":"","format":"standard","meta":{"footnotes":""},"categories":[6],"tags":[],"class_list":["post-28040","post","type-post","status-publish","format-standard","has-post-thumbnail","hentry","category-culturales"],"_links":{"self":[{"href":"https:\/\/sertv.gob.pa\/crisolfm\/wp-json\/wp\/v2\/posts\/28040","targetHints":{"allow":["GET"]}}],"collection":[{"href":"https:\/\/sertv.gob.pa\/crisolfm\/wp-json\/wp\/v2\/posts"}],"about":[{"href":"https:\/\/sertv.gob.pa\/crisolfm\/wp-json\/wp\/v2\/types\/post"}],"author":[{"embeddable":true,"href":"https:\/\/sertv.gob.pa\/crisolfm\/wp-json\/wp\/v2\/users\/64"}],"replies":[{"embeddable":true,"href":"https:\/\/sertv.gob.pa\/crisolfm\/wp-json\/wp\/v2\/comments?post=28040"}],"version-history":[{"count":1,"href":"https:\/\/sertv.gob.pa\/crisolfm\/wp-json\/wp\/v2\/posts\/28040\/revisions"}],"predecessor-version":[{"id":28042,"href":"https:\/\/sertv.gob.pa\/crisolfm\/wp-json\/wp\/v2\/posts\/28040\/revisions\/28042"}],"wp:featuredmedia":[{"embeddable":true,"href":"https:\/\/sertv.gob.pa\/crisolfm\/wp-json\/wp\/v2\/media\/28041"}],"wp:attachment":[{"href":"https:\/\/sertv.gob.pa\/crisolfm\/wp-json\/wp\/v2\/media?parent=28040"}],"wp:term":[{"taxonomy":"category","embeddable":true,"href":"https:\/\/sertv.gob.pa\/crisolfm\/wp-json\/wp\/v2\/categories?post=28040"},{"taxonomy":"post_tag","embeddable":true,"href":"https:\/\/sertv.gob.pa\/crisolfm\/wp-json\/wp\/v2\/tags?post=28040"}],"curies":[{"name":"wp","href":"https:\/\/api.w.org\/{rel}","templated":true}]}}