{"id":28055,"date":"2020-05-11T19:06:48","date_gmt":"2020-05-11T19:06:48","guid":{"rendered":"https:\/\/sertv.gob.pa\/crisolfm\/?p=28055"},"modified":"2020-05-11T19:06:48","modified_gmt":"2020-05-11T19:06:48","slug":"ballet-nacional-entrena-con-companias-internacionales-de-danza","status":"publish","type":"post","link":"https:\/\/sertv.gob.pa\/crisolfm\/ballet-nacional-entrena-con-companias-internacionales-de-danza\/","title":{"rendered":"Ballet Nacional entrena con compa\u00f1\u00edas internacionales de Danza"},"content":{"rendered":"<p>El Ballet Nacional de Panam\u00e1 comparte sesiones de entrenamiento con las compa\u00f1\u00edas de ballet de cuatro pa\u00edses del continente en el proyecto \u201cUnidos por la Danza\u201d, que re\u00fane a varias agrupaciones internacionales de danzas a trav\u00e9s del internet.<\/p>\n<p>Cien bailarines de diferentes pa\u00edses, incluyendo a los integrantes del ballet paname\u00f1o, se unen de forma virtual para integrarse en estas clases dictadas por renombrados maestros internacionales, lo que permite una retroalimentaci\u00f3n y renovaci\u00f3n de sus respectivas realidades en el ballet.<\/p>\n<p>Entre las compa\u00f1\u00edas y sus directores que se est\u00e1n formando parte de esta capacitaci\u00f3n participan: Concierto de Puerto Rico, dirigido por V\u00edctor Gil\u00ed; el Ballet de Monterrey, dirigido por Luis Serrano; el Ballet Nacional de Panam\u00e1, dirigido por Gloria Barrios y Graciela Guill\u00e9n, el Ballet Nacional Dominicano, dirigido por Armando Gonz\u00e1lez; el Ballet Mauro, dirigido por Marena P\u00e9rez y la Escuela Nacional de Danzas de Rep\u00fablica, Dominicana, dirigida por Marinella Sallent.<\/p>\n<p>Gloria Barrios, Directora Ejecutiva del Ballet Nacional de Panam\u00e1, explica que este tipo de entrenamientos son movimientos que ejecutan rigurosamente todos los bailarines en todo el mundo y los preparan para poder perfeccionar todos los desplazamientos, que luego se plasman en las coreograf\u00edas.<\/p>\n<p>\u201cNuestro mensaje es que, en los momentos m\u00e1s dif\u00edciles, como lo ha sido este confinamiento para cuidarnos del COVID19, es que podemos encontrar maneras de renovarnos utilizando las herramientas que tenemos a nuestro alcance. Esta iniciativa de \u201cUnidos por la Danza\u201d nos dejar\u00e1 mejor conectados con nuestros compa\u00f1eros de latinoamericanos, agreg\u00f3 Barrios.<\/p>\n<p>\u201cUnidos por la Danza\u201d naci\u00f3 de la iniciativa de V\u00edctor Gili, director del Ballet Concierto de Puerto Rico, con el prop\u00f3sito de conectar a las compa\u00f1\u00edas de ballet latinoamericanas.<\/p>\n<p>Esta semana, contamos con la participaci\u00f3n de los maestros Juan Carlos Costoya desde Panam\u00e1, que dict\u00f3 una clase en la que participaron 25 bailarines del Ballet Nacional y 5 aspirantes.\u00a0Igualmente el Maestro Stanislav Feco desde Praga, Rep. Checa.<\/p>\n<p>El Maestro Feco es especialista en el M\u00e9todo Vaganova, el m\u00e1s importante m\u00e9todo de ense\u00f1anza de Ballet cl\u00e1sico en el mundo y\u00a0 es director de la Fundaci\u00f3n Petipa.<\/p>\n<p><strong>Datos sobre Juan Carlos Costoya<\/strong><\/p>\n<p>Juan Carlos Costoya hizo estudios en Escuela Nacional de Ballet Habana, culminando como bailar\u00edn profesional de ballet en 1983, y sigue sus entrenamientos en la Escuela Profesional de Arte de Camag\u00fcey, Ballet de Camag\u00fcey Joven Guardia del Centro Pro-Danza, Ballet Nacional de Cuba y Ballet Nacional de Panam\u00e1.<\/p>\n<p>Sus principales maestros han sido Alicia Alonso, Fernando Alonso, Laura Alonso, Eric Aroutman, Orlando Salgado, L\u00e1zaro Carre\u00f1o, Loipa Araujo, Raisa Guti\u00e9rrez y Joyce Vives.<\/p>\n<p>Ha participado en obras originales como de repertorio cl\u00e1sico internacionales, interpretando roles diferentes desde Cuerpo de Baile, Corifeo hasta de Solista. Como profesional ha participado en festivales internacionales, en M\u00e9xico, Brasil, Grecia, Suecia, Chipre, Colombia, Italia, Guatemala, Venezuela.<\/p>\n<p>Desde 2000 labora en el Ballet Nacional de Panam\u00e1, primero como bailar\u00edn invitado, y desde 2009 es profesor Ensayador del Ballet Nacional de Panam\u00e1\u00a0\u00a0hasta la fecha mayo 2020 y como profesor en otras academias privadas de danzas.<\/p>\n<p>Fuente: Mi Cultura<\/p>\n","protected":false},"excerpt":{"rendered":"<p>El Ballet Nacional de Panam\u00e1 comparte sesiones de entrenamiento con <a href=\"https:\/\/sertv.gob.pa\/crisolfm\/ballet-nacional-entrena-con-companias-internacionales-de-danza\/\"> [&#8230;]<\/a><\/p>\n","protected":false},"author":64,"featured_media":28056,"comment_status":"closed","ping_status":"closed","sticky":false,"template":"","format":"standard","meta":{"footnotes":""},"categories":[6],"tags":[],"class_list":["post-28055","post","type-post","status-publish","format-standard","has-post-thumbnail","hentry","category-culturales"],"_links":{"self":[{"href":"https:\/\/sertv.gob.pa\/crisolfm\/wp-json\/wp\/v2\/posts\/28055","targetHints":{"allow":["GET"]}}],"collection":[{"href":"https:\/\/sertv.gob.pa\/crisolfm\/wp-json\/wp\/v2\/posts"}],"about":[{"href":"https:\/\/sertv.gob.pa\/crisolfm\/wp-json\/wp\/v2\/types\/post"}],"author":[{"embeddable":true,"href":"https:\/\/sertv.gob.pa\/crisolfm\/wp-json\/wp\/v2\/users\/64"}],"replies":[{"embeddable":true,"href":"https:\/\/sertv.gob.pa\/crisolfm\/wp-json\/wp\/v2\/comments?post=28055"}],"version-history":[{"count":1,"href":"https:\/\/sertv.gob.pa\/crisolfm\/wp-json\/wp\/v2\/posts\/28055\/revisions"}],"predecessor-version":[{"id":28057,"href":"https:\/\/sertv.gob.pa\/crisolfm\/wp-json\/wp\/v2\/posts\/28055\/revisions\/28057"}],"wp:featuredmedia":[{"embeddable":true,"href":"https:\/\/sertv.gob.pa\/crisolfm\/wp-json\/wp\/v2\/media\/28056"}],"wp:attachment":[{"href":"https:\/\/sertv.gob.pa\/crisolfm\/wp-json\/wp\/v2\/media?parent=28055"}],"wp:term":[{"taxonomy":"category","embeddable":true,"href":"https:\/\/sertv.gob.pa\/crisolfm\/wp-json\/wp\/v2\/categories?post=28055"},{"taxonomy":"post_tag","embeddable":true,"href":"https:\/\/sertv.gob.pa\/crisolfm\/wp-json\/wp\/v2\/tags?post=28055"}],"curies":[{"name":"wp","href":"https:\/\/api.w.org\/{rel}","templated":true}]}}