{"id":28068,"date":"2020-05-12T16:11:49","date_gmt":"2020-05-12T16:11:49","guid":{"rendered":"https:\/\/sertv.gob.pa\/crisolfm\/?p=28068"},"modified":"2020-05-12T16:11:49","modified_gmt":"2020-05-12T16:11:49","slug":"artesanas-y-artesanos-panamenos-fabrican-mas-de-10-mil-mascarillas","status":"publish","type":"post","link":"https:\/\/sertv.gob.pa\/crisolfm\/artesanas-y-artesanos-panamenos-fabrican-mas-de-10-mil-mascarillas\/","title":{"rendered":"Artesanas y artesanos paname\u00f1os fabrican m\u00e1s de 10 mil mascarillas"},"content":{"rendered":"<p><span style=\"font-style: inherit;font-weight: inherit\">M\u00e1s de cien artesanos locales lograron vender 10 mil mascarillas \u201ccubre bocas\u201d de protecci\u00f3n Covid-19 con dise\u00f1os aut\u00f3ctonos y netamente paname\u00f1os, siguiendo las especificaciones del Ministerio de Salud para el resguardo de las personas que las utilizan.<\/span><\/p>\n<p><span style=\"font-style: inherit;font-weight: inherit\">A criterio de Jaime Luna, Director Nacional de Artesan\u00edas del Ministerio de Cultura, esta producci\u00f3n ha superado las expectativas de todos en el sector artesanal que encontraron una manera de colocar sus productos innovadores en medio de la crisis pand\u00e9mica que vive el pa\u00eds, y desde distintas provincias se han unido al llamado que el Gobierno Nacional les hizo de ayudar en esta guerra contra el coronavirus.<\/span><\/p>\n<p><span style=\"font-style: inherit;font-weight: inherit\">\u201cLos resultados por las ventas de las mascarillas, que superan los 35 mil balboas en estas primeras semanas, han sido un muy buen comienzo para un sector que estaba sufriendo por las p\u00e9rdidas una vez se decret\u00f3 el estado de emergencia y ahora vemos c\u00f3mo se incentiva a la peque\u00f1a y micro empresa con nuestro apoyo como gobierno\u201d, explic\u00f3 Luna.<\/span><\/p>\n<p><span style=\"font-style: inherit;font-weight: inherit\">Se trata de un ejemplar trabajo con nuestras mujeres y hombres, todos emprendedores, que buscan formas originales para conseguir el sustento diario a cada uno de sus hogares lo que nos ha impulsado a darles el apoyo, junto con la Autoridad de la Micro, Peque\u00f1a y Mediana Empresa, que se une a la iniciativa para trabajar en un cat\u00e1logo que facilita la visi\u00f3n comercial de este emprendimiento tan necesario para todos.<\/span><\/p>\n<p><span style=\"font-style: inherit;font-weight: inherit\">El Ministerio de Cultura realiza una labor de curadur\u00eda de esta gran cantidad de trabajos artesanales, seleccionando lo mejor del ramo textil artesanal de manufactura para presentar una muestra s\u00f3lida que pueda comercializare en l\u00ednea.<\/span><\/p>\n<p><span style=\"font-style: inherit;font-weight: inherit\">El cat\u00e1logo de mascarillas est\u00e1 disponible en las p\u00e1ginas web www.micultura.gob.pa y en la de www.ampyme.gob.pa<\/span><\/p>\n<p>Fuente: Mi Cultura<\/p>\n","protected":false},"excerpt":{"rendered":"<p>M\u00e1s de cien artesanos locales lograron vender 10 mil mascarillas <a href=\"https:\/\/sertv.gob.pa\/crisolfm\/artesanas-y-artesanos-panamenos-fabrican-mas-de-10-mil-mascarillas\/\"> [&#8230;]<\/a><\/p>\n","protected":false},"author":64,"featured_media":28070,"comment_status":"closed","ping_status":"closed","sticky":false,"template":"","format":"standard","meta":{"footnotes":""},"categories":[6],"tags":[],"class_list":["post-28068","post","type-post","status-publish","format-standard","has-post-thumbnail","hentry","category-culturales"],"_links":{"self":[{"href":"https:\/\/sertv.gob.pa\/crisolfm\/wp-json\/wp\/v2\/posts\/28068","targetHints":{"allow":["GET"]}}],"collection":[{"href":"https:\/\/sertv.gob.pa\/crisolfm\/wp-json\/wp\/v2\/posts"}],"about":[{"href":"https:\/\/sertv.gob.pa\/crisolfm\/wp-json\/wp\/v2\/types\/post"}],"author":[{"embeddable":true,"href":"https:\/\/sertv.gob.pa\/crisolfm\/wp-json\/wp\/v2\/users\/64"}],"replies":[{"embeddable":true,"href":"https:\/\/sertv.gob.pa\/crisolfm\/wp-json\/wp\/v2\/comments?post=28068"}],"version-history":[{"count":1,"href":"https:\/\/sertv.gob.pa\/crisolfm\/wp-json\/wp\/v2\/posts\/28068\/revisions"}],"predecessor-version":[{"id":28071,"href":"https:\/\/sertv.gob.pa\/crisolfm\/wp-json\/wp\/v2\/posts\/28068\/revisions\/28071"}],"wp:featuredmedia":[{"embeddable":true,"href":"https:\/\/sertv.gob.pa\/crisolfm\/wp-json\/wp\/v2\/media\/28070"}],"wp:attachment":[{"href":"https:\/\/sertv.gob.pa\/crisolfm\/wp-json\/wp\/v2\/media?parent=28068"}],"wp:term":[{"taxonomy":"category","embeddable":true,"href":"https:\/\/sertv.gob.pa\/crisolfm\/wp-json\/wp\/v2\/categories?post=28068"},{"taxonomy":"post_tag","embeddable":true,"href":"https:\/\/sertv.gob.pa\/crisolfm\/wp-json\/wp\/v2\/tags?post=28068"}],"curies":[{"name":"wp","href":"https:\/\/api.w.org\/{rel}","templated":true}]}}