{"id":28075,"date":"2020-05-13T17:40:13","date_gmt":"2020-05-13T17:40:13","guid":{"rendered":"https:\/\/sertv.gob.pa\/crisolfm\/?p=28075"},"modified":"2020-05-13T17:40:13","modified_gmt":"2020-05-13T17:40:13","slug":"mi-ambiente-ferrea-vigilancia-de-las-areas-protegida-de-la-pandemia","status":"publish","type":"post","link":"https:\/\/sertv.gob.pa\/crisolfm\/mi-ambiente-ferrea-vigilancia-de-las-areas-protegida-de-la-pandemia\/","title":{"rendered":"Mi Ambiente f\u00e9rrea vigilancia de las \u00e1reas protegida de la pandemia"},"content":{"rendered":"<p>Personal de \u00c1reas Protegidas y Vida Silvestre del Ministerio de Ambiente informaron que desde el pasado 12 de marzo, fecha en la que fue prohibido el acceso a visitantes a las citadas \u00e1reas, han sido rescatados 24 animales, 18 de ellos han sido aves como el tuc\u00e1n pico iris, seguido de b\u00fahos y carpachos. Igualmente se rescat\u00f3 en este periodo un total de 5 mam\u00edferos, repartidos en 4 especies: 2 Perezosos de 3 dedos, una ardilla, un mono aullador y un venado colablanca. Se realiz\u00f3 tambi\u00e9n el rescate de un reptil (Boa).<\/p>\n<p>Dimas Arcia, director Nacional de \u00c1reas Protegidas, indic\u00f3 que desde la implementaci\u00f3n<\/p>\n<p>n de las medidas de restricci\u00f3n de ingreso se ha notado un mayor movimiento de la fauna silvestre en su entorno natural, menores fuentes de contaminaci\u00f3n por residuos s\u00f3lidos, por el bajo n\u00famero de visitantes y reducci\u00f3n de los riesgos de contagio entre los visitantes.<\/p>\n<p>Arcia, igualmente hizo \u00e9nfasis en que la sinergia de la instituci\u00f3n con la Polic\u00eda Ambiental, Rural y Turismo (de la Polic\u00eda Nacional) ha sido clave para la vigilancia constante de las zonas protegida<\/p>\n<p>as del pa\u00eds. De igual manera en los sectores fronterizos se ha trabajado con el personal del Servicio Nacional de Frontera (SENAFRONT) y en los espacios marinos, costeros e insulares con el Servicio Nacional Aeronaval (SENAN).<\/p>\n<p>\u201cLa medida de restricci\u00f3n fue aceptada por la casi totalidad de los usuarios de la \u00c1reas Protegidas; hubo muy pocos incidentes de inconformidades\u201d agreg\u00f3 el director quien a su vez destac\u00f3 dos sucesos que se registraron en el marco de la prohibici\u00f3n:<\/p>\n<p>\u201cGracias a la vigilancia de nuestros guardaparques y apoyo de la Polic\u00eda Ecol\u00f3gica pudimos detener el acceso de unas personas que se dirig\u00edan hacia la cima del Volc\u00e1n Bar\u00fa en la provincia de Chiriqu\u00ed\u201d, y que al principio no comprend\u00edan la importancia de la medida, manifest\u00f3 Arcia.<\/p>\n<p>As\u00ed mismo Arcia indic\u00f3 que entre otros incidentes estuvo la restricci\u00f3n<\/p>\n<p>n al ingreso y disfrute del etnoturismo de comunidades ind\u00edgenas en el Parque Nacional Chagres.; sitio que atrae a gran cantidad de turistas del extranjero, e igualmente, les fue explicada del porqu\u00e9 de las restricciones y la situaci\u00f3n que fue resuelta.<\/p>\n<p>Adem\u00e1s, por las caracter\u00edsticas de la temporada, fue necesario atender los incendios de masa vegetal oportunamente con el apoyo del Cuerpo de Bomberos y Fuerza de Tarea Conjunta.<\/p>\n<p>MiAMBIENTE c\u00f3mo entidad rectora de la conservaci\u00f3n y protecci\u00f3n de los recursos naturales del pa\u00eds, seguir\u00e1 con los operativos de vigilancia en las \u00e1reas protegidas, a su vez, se insta a la ciudadan\u00eda a que reporte a la l\u00ednea gratuita 311 cualquiera situaci\u00f3n que atente contra la biodiversidad del pa\u00eds.<\/p>\n<p>Dato de inter\u00e9s<\/p>\n<p>El Sistema Nacional de \u00c1reas Protegidas cuenta con m\u00e1s de 100 \u00e1reas a nivel nacional, lo que constituye m\u00e1s de un tercio del territorio nacional, representadas en todas las provincias y comarcas, que albergan los m\u00e1s diversos ecosistemas naturales de las regiones tropicales, tanto terrestres como marinos, insulares y recursos marino-costeros.<\/p>\n<p>M\u00e1s de 20 de estas \u00e1reas protegidas tienen alto potencial ecotur\u00edstico, entre ellas: Parque Nacional Volc\u00e1n Bar\u00fa, Parque Internacional La Amistad, Parque Marino Isla Bastimentos, Parque Marino Golfo de Chiriqu\u00ed, Parque Nacional Coiba, Reserva Forestal La Yeguada, Refugio de Vida Silvestre Isla Iguana, Refugio de Vida Silvestre Pablo Arturo Barrios, por mencionar algunas.<\/p>\n<p>Fuente: Mi Ambiente<\/p>\n","protected":false},"excerpt":{"rendered":"<p>Personal de \u00c1reas Protegidas y Vida Silvestre del Ministerio de <a href=\"https:\/\/sertv.gob.pa\/crisolfm\/mi-ambiente-ferrea-vigilancia-de-las-areas-protegida-de-la-pandemia\/\"> [&#8230;]<\/a><\/p>\n","protected":false},"author":64,"featured_media":28076,"comment_status":"closed","ping_status":"closed","sticky":false,"template":"","format":"standard","meta":{"footnotes":""},"categories":[7],"tags":[],"class_list":["post-28075","post","type-post","status-publish","format-standard","has-post-thumbnail","hentry","category-ecologicas"],"_links":{"self":[{"href":"https:\/\/sertv.gob.pa\/crisolfm\/wp-json\/wp\/v2\/posts\/28075","targetHints":{"allow":["GET"]}}],"collection":[{"href":"https:\/\/sertv.gob.pa\/crisolfm\/wp-json\/wp\/v2\/posts"}],"about":[{"href":"https:\/\/sertv.gob.pa\/crisolfm\/wp-json\/wp\/v2\/types\/post"}],"author":[{"embeddable":true,"href":"https:\/\/sertv.gob.pa\/crisolfm\/wp-json\/wp\/v2\/users\/64"}],"replies":[{"embeddable":true,"href":"https:\/\/sertv.gob.pa\/crisolfm\/wp-json\/wp\/v2\/comments?post=28075"}],"version-history":[{"count":1,"href":"https:\/\/sertv.gob.pa\/crisolfm\/wp-json\/wp\/v2\/posts\/28075\/revisions"}],"predecessor-version":[{"id":28077,"href":"https:\/\/sertv.gob.pa\/crisolfm\/wp-json\/wp\/v2\/posts\/28075\/revisions\/28077"}],"wp:featuredmedia":[{"embeddable":true,"href":"https:\/\/sertv.gob.pa\/crisolfm\/wp-json\/wp\/v2\/media\/28076"}],"wp:attachment":[{"href":"https:\/\/sertv.gob.pa\/crisolfm\/wp-json\/wp\/v2\/media?parent=28075"}],"wp:term":[{"taxonomy":"category","embeddable":true,"href":"https:\/\/sertv.gob.pa\/crisolfm\/wp-json\/wp\/v2\/categories?post=28075"},{"taxonomy":"post_tag","embeddable":true,"href":"https:\/\/sertv.gob.pa\/crisolfm\/wp-json\/wp\/v2\/tags?post=28075"}],"curies":[{"name":"wp","href":"https:\/\/api.w.org\/{rel}","templated":true}]}}