{"id":28084,"date":"2020-05-14T16:20:47","date_gmt":"2020-05-14T16:20:47","guid":{"rendered":"https:\/\/sertv.gob.pa\/crisolfm\/?p=28084"},"modified":"2020-05-14T16:20:47","modified_gmt":"2020-05-14T16:20:47","slug":"mi-ambiente-cocle-se-suma-al-plan-panama-solidario","status":"publish","type":"post","link":"https:\/\/sertv.gob.pa\/crisolfm\/mi-ambiente-cocle-se-suma-al-plan-panama-solidario\/","title":{"rendered":"Mi Ambiente Cocl\u00e9, se suma al plan Panam\u00e1 Solidario"},"content":{"rendered":"<p>La Direcci\u00f3n Regional del Ministerio de Ambiente en Cocl\u00e9, ha sido parte de las acciones del Gobierno nacional, en esta provincia, a trav\u00e9s del Plan Panam\u00e1 Solidario para la entrega de alimentos a la poblaci\u00f3n.<\/p>\n<p>Como parte del apoyo de la instituci\u00f3n, funcionarios de diversas \u00e1reas han realizado la entrega de bolsas con alimentos en las comunidades de Santa Marta, Cerro Pelado, Altos del Mara\u00f1\u00f3n, Burrica, La Zota, Aguas Blancas, Banquito, Tazajera, mientras que otro grupo se sum\u00f3 en el proceso de empaque de cebollas en la planta destinada para este fin en Nata. Del mismo modo MiAMBIENTE Cocl\u00e9, apoya la ejecuci\u00f3n del Plan Panam\u00e1 Solidario mediante la captaci\u00f3n de datos de los resultados de este esta iniciativa como respuesta a la pandemia por la Covid19.<\/p>\n<p>Por otro lado, como parte de esta iniciativa de apoyo, la Regional de Cocl\u00e9 ha tenido participaci\u00f3n en la jornada de vacunaci\u00f3n de Influenza y Neumococo dentro de la provincia.<\/p>\n<p><strong>Tareas de vigilancia<\/strong><\/p>\n<p>Mientras tanto los funcionarios responsables han dado seguimiento, juntamente con la Polic\u00eda Nacional, a denuncias ciudadanas, que guardan relaci\u00f3n con la actividad de cacer\u00eda de venado, en la comunidad de Nanzal, corregimiento de Pajonal, distrito de Penonom\u00e9, provincia de Cocl\u00e9, adem\u00e1s de la inspecci\u00f3n al R\u00edo Tue y la desembocadura del R\u00edo Zarat\u00ed, para verificar otra denuncia sobre muerte de camarones en este cuerpo de agua.<\/p>\n<p>Fuente: Mi Ambiente<\/p>\n","protected":false},"excerpt":{"rendered":"<p>La Direcci\u00f3n Regional del Ministerio de Ambiente en Cocl\u00e9, ha <a href=\"https:\/\/sertv.gob.pa\/crisolfm\/mi-ambiente-cocle-se-suma-al-plan-panama-solidario\/\"> [&#8230;]<\/a><\/p>\n","protected":false},"author":64,"featured_media":28086,"comment_status":"closed","ping_status":"closed","sticky":false,"template":"","format":"standard","meta":{"footnotes":""},"categories":[7],"tags":[],"class_list":["post-28084","post","type-post","status-publish","format-standard","has-post-thumbnail","hentry","category-ecologicas"],"_links":{"self":[{"href":"https:\/\/sertv.gob.pa\/crisolfm\/wp-json\/wp\/v2\/posts\/28084","targetHints":{"allow":["GET"]}}],"collection":[{"href":"https:\/\/sertv.gob.pa\/crisolfm\/wp-json\/wp\/v2\/posts"}],"about":[{"href":"https:\/\/sertv.gob.pa\/crisolfm\/wp-json\/wp\/v2\/types\/post"}],"author":[{"embeddable":true,"href":"https:\/\/sertv.gob.pa\/crisolfm\/wp-json\/wp\/v2\/users\/64"}],"replies":[{"embeddable":true,"href":"https:\/\/sertv.gob.pa\/crisolfm\/wp-json\/wp\/v2\/comments?post=28084"}],"version-history":[{"count":1,"href":"https:\/\/sertv.gob.pa\/crisolfm\/wp-json\/wp\/v2\/posts\/28084\/revisions"}],"predecessor-version":[{"id":28087,"href":"https:\/\/sertv.gob.pa\/crisolfm\/wp-json\/wp\/v2\/posts\/28084\/revisions\/28087"}],"wp:featuredmedia":[{"embeddable":true,"href":"https:\/\/sertv.gob.pa\/crisolfm\/wp-json\/wp\/v2\/media\/28086"}],"wp:attachment":[{"href":"https:\/\/sertv.gob.pa\/crisolfm\/wp-json\/wp\/v2\/media?parent=28084"}],"wp:term":[{"taxonomy":"category","embeddable":true,"href":"https:\/\/sertv.gob.pa\/crisolfm\/wp-json\/wp\/v2\/categories?post=28084"},{"taxonomy":"post_tag","embeddable":true,"href":"https:\/\/sertv.gob.pa\/crisolfm\/wp-json\/wp\/v2\/tags?post=28084"}],"curies":[{"name":"wp","href":"https:\/\/api.w.org\/{rel}","templated":true}]}}