{"id":28098,"date":"2020-05-15T13:32:14","date_gmt":"2020-05-15T13:32:14","guid":{"rendered":"https:\/\/sertv.gob.pa\/crisolfm\/?p=28098"},"modified":"2020-05-15T13:32:14","modified_gmt":"2020-05-15T13:32:14","slug":"scarface-regresa-con-guion-de-hermanos-coen-y-ambientada-en-los-angeles","status":"publish","type":"post","link":"https:\/\/sertv.gob.pa\/crisolfm\/scarface-regresa-con-guion-de-hermanos-coen-y-ambientada-en-los-angeles\/","title":{"rendered":"\u00abScarface\u00bb regresa con gui\u00f3n de hermanos Coen y ambientada en Los \u00c1ngeles"},"content":{"rendered":"<p>Una nueva versi\u00f3n de la pel\u00edcula \u00abScarface\u00bb, con un gui\u00f3n de los hermanos Coen y ambientada en Los \u00c1ngeles en lugar de Miami, avanza de la mano de un nuevo director en Universal Pictures, dijo a la AFP una fuente conocedora del proyecto.<\/p>\n<p>La pel\u00edcula ser\u00e1 dirigida por el nominado al \u00d3scar Luca Guadagnino (\u00abCall Me By Your Name\u00bb) y ser\u00e1 la tercera versi\u00f3n de esta historia sobre el sangriento inframundo de los inmigrantes en Estados Unidos.<\/p>\n<p>La pel\u00edcula original de 1932, dirigida por Howard Hawks, mostraba a la mafia italiana de Chicago y estuvo basada en una novela sobre parte de la vida de Al Capone.<\/p>\n<p>En la versi\u00f3n de 1983, de Brian de Palma, la historia se traslad\u00f3 a Miami con Al Pacino en el papel estelar de Tony Montana, un refugiado cubano sin piedad que construye un imperio criminal basado en la coca\u00edna.<\/p>\n<p>El nuevo filme le dar\u00e1 un nuevo enfoque \u00aba la historia de inmigrantes\u00bb que estaba en el centro de las versiones de 1932 y 1983.<\/p>\n<p>Al adaptar la historia una vez m\u00e1s, Joel y Ethan Coen (\u00abFargo\u00bb) siguen los pasos de Oliver Stone, que se gan\u00f3 los aplausos por su gui\u00f3n ultraviolento en la segunda versi\u00f3n, que incluy\u00f3 la inmortal frase de Pacino: \u00abSaluda a mi amiguito\u00bb.<\/p>\n<p>Los hermanos Coen, varias veces ganadores del \u00d3scar, escribieron la \u00faltima versi\u00f3n del gui\u00f3n basada en borradores anteriores para el proyecto, que ha tenido una larga gestaci\u00f3n.<\/p>\n<p>AFP<\/p>\n","protected":false},"excerpt":{"rendered":"<p>Una nueva versi\u00f3n de la pel\u00edcula \u00abScarface\u00bb, con un gui\u00f3n <a href=\"https:\/\/sertv.gob.pa\/crisolfm\/scarface-regresa-con-guion-de-hermanos-coen-y-ambientada-en-los-angeles\/\"> [&#8230;]<\/a><\/p>\n","protected":false},"author":64,"featured_media":28099,"comment_status":"closed","ping_status":"closed","sticky":false,"template":"","format":"standard","meta":{"footnotes":""},"categories":[6],"tags":[],"class_list":["post-28098","post","type-post","status-publish","format-standard","has-post-thumbnail","hentry","category-culturales"],"_links":{"self":[{"href":"https:\/\/sertv.gob.pa\/crisolfm\/wp-json\/wp\/v2\/posts\/28098","targetHints":{"allow":["GET"]}}],"collection":[{"href":"https:\/\/sertv.gob.pa\/crisolfm\/wp-json\/wp\/v2\/posts"}],"about":[{"href":"https:\/\/sertv.gob.pa\/crisolfm\/wp-json\/wp\/v2\/types\/post"}],"author":[{"embeddable":true,"href":"https:\/\/sertv.gob.pa\/crisolfm\/wp-json\/wp\/v2\/users\/64"}],"replies":[{"embeddable":true,"href":"https:\/\/sertv.gob.pa\/crisolfm\/wp-json\/wp\/v2\/comments?post=28098"}],"version-history":[{"count":1,"href":"https:\/\/sertv.gob.pa\/crisolfm\/wp-json\/wp\/v2\/posts\/28098\/revisions"}],"predecessor-version":[{"id":28100,"href":"https:\/\/sertv.gob.pa\/crisolfm\/wp-json\/wp\/v2\/posts\/28098\/revisions\/28100"}],"wp:featuredmedia":[{"embeddable":true,"href":"https:\/\/sertv.gob.pa\/crisolfm\/wp-json\/wp\/v2\/media\/28099"}],"wp:attachment":[{"href":"https:\/\/sertv.gob.pa\/crisolfm\/wp-json\/wp\/v2\/media?parent=28098"}],"wp:term":[{"taxonomy":"category","embeddable":true,"href":"https:\/\/sertv.gob.pa\/crisolfm\/wp-json\/wp\/v2\/categories?post=28098"},{"taxonomy":"post_tag","embeddable":true,"href":"https:\/\/sertv.gob.pa\/crisolfm\/wp-json\/wp\/v2\/tags?post=28098"}],"curies":[{"name":"wp","href":"https:\/\/api.w.org\/{rel}","templated":true}]}}