{"id":28101,"date":"2020-05-15T13:40:59","date_gmt":"2020-05-15T13:40:59","guid":{"rendered":"https:\/\/sertv.gob.pa\/crisolfm\/?p=28101"},"modified":"2020-05-15T13:40:59","modified_gmt":"2020-05-15T13:40:59","slug":"el-papa-reza-con-creyentes-de-muchas-religiones-por-el-fin-de-la-pandemia","status":"publish","type":"post","link":"https:\/\/sertv.gob.pa\/crisolfm\/el-papa-reza-con-creyentes-de-muchas-religiones-por-el-fin-de-la-pandemia\/","title":{"rendered":"El papa reza con creyentes de muchas religiones por el fin de la pandemia"},"content":{"rendered":"<p>El papa Francisco y el l\u00edder musulm\u00e1n Ahmed al-Tayeb oraron este jueves junto con los creyentes de muchas religiones para pedir por el fin de la pandemia de coronavirus, que ha causado 300.000 muertes y contagiado a m\u00e1s de 4 millones.<\/p>\n<p>\u00abTodos estamos unidos como seres humanos, como hermanos, rezando a Dios, de acuerdo con la propia cultura, de acuerdo con la propia tradici\u00f3n, de acuerdo con las propias creencias, pero hermanos y rezando a Dios (&#8230;) para que el Se\u00f1or detenga esta pandemia\u00bb, dijo el papa durante la misa matutina en la capilla de su residencia en el Vaticano.<\/p>\n<p>Desde El Cairo, el gran im\u00e1n de Al-Azhar, profesor de filosof\u00eda isl\u00e1mica, recomend\u00f3 a los creyentes que \u00abimploren a Allah todopoderoso por la salvaci\u00f3n de todos los humanos de esta desgracia y que ayude a los cient\u00edficos para que encuentren un remedio\u00bb.<\/p>\n<p>La jornada, promovida por el Alto Comit\u00e9 para la Hermandad Humana, involucr\u00f3 a l\u00edderes religiosos, acad\u00e9micos y culturales de todo el mundo, y tiene como objetivo fomentar la fraternidad y la convivencia frente a una in\u00e9dita emergencia sanitaria mundial.<\/p>\n<p>Durante el rezo, el papa argentino, l\u00edder de 1.300 millones de cat\u00f3licos, record\u00f3 que existen otras pandemias que causan millones de muertos, como la \u00abpandemia del hambre\u00bb, \u00abla pandemia de la guerra\u00bb y la de los ni\u00f1os \u00absin educaci\u00f3n\u00bb.<\/p>\n<p>\u00abEn los primeros cuatro meses de este a\u00f1o, 3 millones 700 mil personas murieron de hambre. Existe la pandemia del hambre. En cuatro meses, casi 4 millones de personas\u00bb, lament\u00f3 el pont\u00edfice argentino, sumamente sensible a los temas sociales.<\/p>\n<p>Los obispos latinoamericanos se unieron tambi\u00e9n a la jornada de oraci\u00f3n, ayuno y obras de caridad, seg\u00fan un comunicado divulgado por la conferencia episcopal de Am\u00e9rica Latina.<\/p>\n<p>Los obispos del continente invocan a Dios para que \u00abinspire a la ciencia\u00bb para que muy pronto encuentre la cura para el Covid-19, a fin de restablecer la salud y el desarrollo, de tal forma, \u00abque juntos construyamos una civilizaci\u00f3n m\u00e1s humana y fraterna\u00bb, piden en un comunicado divulgado por el portal del Vaticano.<\/p>\n<p>AFP<\/p>\n","protected":false},"excerpt":{"rendered":"<p>El papa Francisco y el l\u00edder musulm\u00e1n Ahmed al-Tayeb oraron <a href=\"https:\/\/sertv.gob.pa\/crisolfm\/el-papa-reza-con-creyentes-de-muchas-religiones-por-el-fin-de-la-pandemia\/\"> [&#8230;]<\/a><\/p>\n","protected":false},"author":64,"featured_media":28102,"comment_status":"closed","ping_status":"closed","sticky":false,"template":"","format":"standard","meta":{"footnotes":""},"categories":[6],"tags":[],"class_list":["post-28101","post","type-post","status-publish","format-standard","has-post-thumbnail","hentry","category-culturales"],"_links":{"self":[{"href":"https:\/\/sertv.gob.pa\/crisolfm\/wp-json\/wp\/v2\/posts\/28101","targetHints":{"allow":["GET"]}}],"collection":[{"href":"https:\/\/sertv.gob.pa\/crisolfm\/wp-json\/wp\/v2\/posts"}],"about":[{"href":"https:\/\/sertv.gob.pa\/crisolfm\/wp-json\/wp\/v2\/types\/post"}],"author":[{"embeddable":true,"href":"https:\/\/sertv.gob.pa\/crisolfm\/wp-json\/wp\/v2\/users\/64"}],"replies":[{"embeddable":true,"href":"https:\/\/sertv.gob.pa\/crisolfm\/wp-json\/wp\/v2\/comments?post=28101"}],"version-history":[{"count":1,"href":"https:\/\/sertv.gob.pa\/crisolfm\/wp-json\/wp\/v2\/posts\/28101\/revisions"}],"predecessor-version":[{"id":28103,"href":"https:\/\/sertv.gob.pa\/crisolfm\/wp-json\/wp\/v2\/posts\/28101\/revisions\/28103"}],"wp:featuredmedia":[{"embeddable":true,"href":"https:\/\/sertv.gob.pa\/crisolfm\/wp-json\/wp\/v2\/media\/28102"}],"wp:attachment":[{"href":"https:\/\/sertv.gob.pa\/crisolfm\/wp-json\/wp\/v2\/media?parent=28101"}],"wp:term":[{"taxonomy":"category","embeddable":true,"href":"https:\/\/sertv.gob.pa\/crisolfm\/wp-json\/wp\/v2\/categories?post=28101"},{"taxonomy":"post_tag","embeddable":true,"href":"https:\/\/sertv.gob.pa\/crisolfm\/wp-json\/wp\/v2\/tags?post=28101"}],"curies":[{"name":"wp","href":"https:\/\/api.w.org\/{rel}","templated":true}]}}