{"id":28107,"date":"2020-05-15T14:25:18","date_gmt":"2020-05-15T14:25:18","guid":{"rendered":"https:\/\/sertv.gob.pa\/crisolfm\/?p=28107"},"modified":"2020-05-15T14:25:18","modified_gmt":"2020-05-15T14:25:18","slug":"instalacion-en-centro-de-el-cairo-de-cuatro-esfinges-crea-polemica","status":"publish","type":"post","link":"https:\/\/sertv.gob.pa\/crisolfm\/instalacion-en-centro-de-el-cairo-de-cuatro-esfinges-crea-polemica\/","title":{"rendered":"Instalaci\u00f3n en centro de El Cairo de cuatro esfinges crea pol\u00e9mica"},"content":{"rendered":"<p>En la emblem\u00e1tica Plaza Tahrir de El Cairo, conocida por sus monstruosos atascos, la instalaci\u00f3n de cuatro esfinges hace pocos d\u00edas trasladadas desde su sitio original en Luxor (sur) crea pol\u00e9mica en Egipto, en tanto se espera a que sean mostradas oficialmente al p\u00fablico.<\/p>\n<p>De unos 3,500 a\u00f1os de antig\u00fcedad, las esfinges con cabeza de carnero y cuerpos de le\u00f3n han ornado durante much\u00edsimo tiempo al templo de Karnak, consagrado al dios Am\u00f3n, una de las principales divinidades del pante\u00f3n egipcio.<\/p>\n<p>Su traslado, a comienzos de mayo, a la plaza Tahrir, epicentro de la revuelta popular de 2011, ha provocado malestar entre muchos habitantes de Luxor.<\/p>\n<p>\u00abEstoy en contra del traslado de las estatuas. Me entristece\u00bb, lamenta Ahmed Idriss, diputado de la gobernaci\u00f3n de Luxor.<\/p>\n<p>\u00abLuxor es un museo a cielo abierto que habr\u00eda que haber desarrollado, puesto que el valor de sus monumentos est\u00e1 vinculado a su ubicaci\u00f3n hist\u00f3rica\u00bb, a\u00f1ade.<\/p>\n<p>Las cuatro piezas en arenisca fueron colocadas alrededor de un obelisco en granito rosa con tres milenios de antig\u00fcedad, que cuenta con una representaci\u00f3n de Rams\u00e9s II, fara\u00f3n de la 19\u00aa dinast\u00eda (1301-1236 a.C.).<\/p>\n<p>\u00c9ste, por su parte, hab\u00eda sido transportado meses atr\u00e1s desde el sitio arqueol\u00f3gico de Tanis, en el delta del Nilo.<\/p>\n<p>Este proyecto urban\u00edstico, lanzado por las autoridades en 2019, ha provocado la furia de arque\u00f3logos, activistas y acad\u00e9micos universitarios, sobre todo a causa de la exposici\u00f3n de estas piezas antiguas a la contaminaci\u00f3n y erosi\u00f3n.<\/p>\n<p>A finales de 2019, una solicitud para detener las obras fue enviada al presidente Abdel Fatah al Sisi.<\/p>\n<p>Apoy\u00e1ndose en la Convenci\u00f3n de Venecia (1964) para la restauraci\u00f3n y preservaci\u00f3n de monumentos, los abogados del Centro egipcio de derechos econ\u00f3micos y sociales (CECA), una oeneg\u00e9 local, han iniciado un procedimiento judicial denunciando la puesta en peligro de \u00abobjetos inestimables\u00bb.<\/p>\n<p>AFP<\/p>\n","protected":false},"excerpt":{"rendered":"<p>En la emblem\u00e1tica Plaza Tahrir de El Cairo, conocida por <a href=\"https:\/\/sertv.gob.pa\/crisolfm\/instalacion-en-centro-de-el-cairo-de-cuatro-esfinges-crea-polemica\/\"> [&#8230;]<\/a><\/p>\n","protected":false},"author":64,"featured_media":28108,"comment_status":"closed","ping_status":"closed","sticky":false,"template":"","format":"standard","meta":{"footnotes":""},"categories":[6],"tags":[],"class_list":["post-28107","post","type-post","status-publish","format-standard","has-post-thumbnail","hentry","category-culturales"],"_links":{"self":[{"href":"https:\/\/sertv.gob.pa\/crisolfm\/wp-json\/wp\/v2\/posts\/28107","targetHints":{"allow":["GET"]}}],"collection":[{"href":"https:\/\/sertv.gob.pa\/crisolfm\/wp-json\/wp\/v2\/posts"}],"about":[{"href":"https:\/\/sertv.gob.pa\/crisolfm\/wp-json\/wp\/v2\/types\/post"}],"author":[{"embeddable":true,"href":"https:\/\/sertv.gob.pa\/crisolfm\/wp-json\/wp\/v2\/users\/64"}],"replies":[{"embeddable":true,"href":"https:\/\/sertv.gob.pa\/crisolfm\/wp-json\/wp\/v2\/comments?post=28107"}],"version-history":[{"count":1,"href":"https:\/\/sertv.gob.pa\/crisolfm\/wp-json\/wp\/v2\/posts\/28107\/revisions"}],"predecessor-version":[{"id":28109,"href":"https:\/\/sertv.gob.pa\/crisolfm\/wp-json\/wp\/v2\/posts\/28107\/revisions\/28109"}],"wp:featuredmedia":[{"embeddable":true,"href":"https:\/\/sertv.gob.pa\/crisolfm\/wp-json\/wp\/v2\/media\/28108"}],"wp:attachment":[{"href":"https:\/\/sertv.gob.pa\/crisolfm\/wp-json\/wp\/v2\/media?parent=28107"}],"wp:term":[{"taxonomy":"category","embeddable":true,"href":"https:\/\/sertv.gob.pa\/crisolfm\/wp-json\/wp\/v2\/categories?post=28107"},{"taxonomy":"post_tag","embeddable":true,"href":"https:\/\/sertv.gob.pa\/crisolfm\/wp-json\/wp\/v2\/tags?post=28107"}],"curies":[{"name":"wp","href":"https:\/\/api.w.org\/{rel}","templated":true}]}}