{"id":28110,"date":"2020-05-15T14:58:40","date_gmt":"2020-05-15T14:58:40","guid":{"rendered":"https:\/\/sertv.gob.pa\/crisolfm\/?p=28110"},"modified":"2020-05-15T14:58:40","modified_gmt":"2020-05-15T14:58:40","slug":"muere-rolf-hochhuth-uno-de-los-dramaturgos-alemanes-claves-de-la-postguerra","status":"publish","type":"post","link":"https:\/\/sertv.gob.pa\/crisolfm\/muere-rolf-hochhuth-uno-de-los-dramaturgos-alemanes-claves-de-la-postguerra\/","title":{"rendered":"Muere Rolf Hochhuth, uno de los dramaturgos alemanes claves de la postguerra"},"content":{"rendered":"<p>El escritor, periodista y dramaturgo Rolf Hochhuth, una de las figuras claves del teatro alem\u00e1n de la postguerra, falleci\u00f3 en su casa en Berl\u00edn a los 89 a\u00f1os de edad, informaron fuentes de su editorial.<\/p>\n<p>La fama de Hochhuth, que fue importante en desarrollar lo que se ha llamado el \u00abteatro documental\u00bb, se debe en buena parte a su obra \u00abDer Stellvertreter\u00bb (El vicario), estrenada en 1963, en la que se confronta con el papel que desempe\u00f1aron El Vaticano y el papa Pio XII durante los a\u00f1os del nacionalsocialismo.<\/p>\n<p>En la obra, Pio XII aparece casi como c\u00f3mplice de los nazis al haber guardado silencio ante el Holocausto, lo que gener\u00f3 fuertes debates justo en una \u00e9poca en la que se agudizaba la confrontaci\u00f3n con el pasado nacionalsocialista en Alemania.<\/p>\n<p>Hochhuth, nacido en 1931 en Eschwege (centro de Alemania), se form\u00f3 como librero, trabaj\u00f3 posteriormente en el sector editorial y fue responsable de una edici\u00f3n especial de la obra del caricaturista y escritor Wilhelm Busch con motivo de los 50 a\u00f1os de la muerte de este \u00faltimo.<\/p>\n<p>Su editorial lo recompens\u00f3 entonces con tres meses de vacaciones que pas\u00f3 en Roma, donde surgi\u00f3 el tema de \u00abEl vicario\u00bb.<\/p>\n<p>Posteriormente Hochhuth intervino reiteradamente en pol\u00edtica a trav\u00e9s de sus obras dram\u00e1ticas y de sus ensayos y art\u00edculos, y un texto suyo contribuy\u00f3 a que el entonces primer ministro del estado federado de Baden W\u00fcrttenberg (suroeste de Alemania), Hans Filbinger, tuviera que dimitir por su papel durante la \u00e9poca nazi.<\/p>\n<p>Filbinger, como juez de la Marina hab\u00eda firmado sentencias de muerte durante la \u00e9poca nazi y Hochhuth se refiri\u00f3 a \u00e9l como \u00abjurista nefasto\u00bb.<\/p>\n<p>Hochhuth sostuvo en su art\u00edculo que si Filbiger no hab\u00eda sido apresado tras la guerra era solo por el silencio c\u00f3mplice de aquellos que lo conoc\u00edan.<\/p>\n<p>EFE<\/p>\n<p>&nbsp;<\/p>\n<p>&nbsp;<\/p>\n<p>&nbsp;<\/p>\n","protected":false},"excerpt":{"rendered":"<p>El escritor, periodista y dramaturgo Rolf Hochhuth, una de las <a href=\"https:\/\/sertv.gob.pa\/crisolfm\/muere-rolf-hochhuth-uno-de-los-dramaturgos-alemanes-claves-de-la-postguerra\/\"> [&#8230;]<\/a><\/p>\n","protected":false},"author":64,"featured_media":28111,"comment_status":"closed","ping_status":"closed","sticky":false,"template":"","format":"standard","meta":{"footnotes":""},"categories":[6],"tags":[],"class_list":["post-28110","post","type-post","status-publish","format-standard","has-post-thumbnail","hentry","category-culturales"],"_links":{"self":[{"href":"https:\/\/sertv.gob.pa\/crisolfm\/wp-json\/wp\/v2\/posts\/28110","targetHints":{"allow":["GET"]}}],"collection":[{"href":"https:\/\/sertv.gob.pa\/crisolfm\/wp-json\/wp\/v2\/posts"}],"about":[{"href":"https:\/\/sertv.gob.pa\/crisolfm\/wp-json\/wp\/v2\/types\/post"}],"author":[{"embeddable":true,"href":"https:\/\/sertv.gob.pa\/crisolfm\/wp-json\/wp\/v2\/users\/64"}],"replies":[{"embeddable":true,"href":"https:\/\/sertv.gob.pa\/crisolfm\/wp-json\/wp\/v2\/comments?post=28110"}],"version-history":[{"count":1,"href":"https:\/\/sertv.gob.pa\/crisolfm\/wp-json\/wp\/v2\/posts\/28110\/revisions"}],"predecessor-version":[{"id":28112,"href":"https:\/\/sertv.gob.pa\/crisolfm\/wp-json\/wp\/v2\/posts\/28110\/revisions\/28112"}],"wp:featuredmedia":[{"embeddable":true,"href":"https:\/\/sertv.gob.pa\/crisolfm\/wp-json\/wp\/v2\/media\/28111"}],"wp:attachment":[{"href":"https:\/\/sertv.gob.pa\/crisolfm\/wp-json\/wp\/v2\/media?parent=28110"}],"wp:term":[{"taxonomy":"category","embeddable":true,"href":"https:\/\/sertv.gob.pa\/crisolfm\/wp-json\/wp\/v2\/categories?post=28110"},{"taxonomy":"post_tag","embeddable":true,"href":"https:\/\/sertv.gob.pa\/crisolfm\/wp-json\/wp\/v2\/tags?post=28110"}],"curies":[{"name":"wp","href":"https:\/\/api.w.org\/{rel}","templated":true}]}}