{"id":28135,"date":"2020-05-15T16:02:40","date_gmt":"2020-05-15T16:02:40","guid":{"rendered":"https:\/\/sertv.gob.pa\/crisolfm\/?p=28135"},"modified":"2020-05-15T16:02:40","modified_gmt":"2020-05-15T16:02:40","slug":"casas-pasivas-ahorro-energetico-y-mayor-confort-durante-el-confinamiento","status":"publish","type":"post","link":"https:\/\/sertv.gob.pa\/crisolfm\/casas-pasivas-ahorro-energetico-y-mayor-confort-durante-el-confinamiento\/","title":{"rendered":"Casas pasivas: ahorro energ\u00e9tico y mayor confort durante el confinamiento"},"content":{"rendered":"<div class=\"entradilla\">\n<p>Un consumo hasta siete veces menor que el de la casa habitual, una temperatura constante durante todo el a\u00f1o sin necesidad de encender calefacci\u00f3n o refrigeraci\u00f3n y una mejor calidad del aire gracias a sus sistemas de filtrado son algunas de las ventajas de las casas pasivas, que se han hecho m\u00e1s evidentes desde la puesta en marcha de la reclusi\u00f3n forzada, han explicado a Efeverde varios expertos.<\/p>\n<\/div>\n<p class=\"csAD7A2888\"><span class=\"csCF2ECC95\">Las viviendas pasivas se diferencian \u201cnotablemente\u201d en cuanto a \u201cahorro energ\u00e9tico y confort\u201d de las construidas \u201cen el \u00faltimo siglo\u201d, que no prestaban atenci\u00f3n a factores como \u201cel aislamiento, el clima, el espacio donde estaban situadas o los beneficios que realmente puede aportar una casa por s\u00ed misma\u201d, ha argumentado la directora t\u00e9cnica de Green Building Council Espa\u00f1a (GBCE), Paula Rivas.<\/span><\/p>\n<p class=\"csAD7A2888\"><span class=\"csCF2ECC95\">Esta asociaci\u00f3n sin \u00e1nimo de lucro re\u00fane a representantes de todos los agentes relacionados con el mundo de la construcci\u00f3n, con el objetivo de impulsar la <strong>transformaci\u00f3n del mercado actual hacia una edificaci\u00f3n sostenible<\/strong> y defiende que las ventajas de las casas pasivas \u201cson m\u00e1s evidentes desde que la poblaci\u00f3n permanece mayor tiempo en su hogar a causa del coronavirus\u201d.\u00a0<\/span><\/p>\n<h2>Confinamiento en una casa pasiva<\/h2>\n<p class=\"csAD7A2888\"><span class=\"csCF2ECC95\">Un ejemplo de sus beneficios lo ofrece el arquitecto Alberto Arp\u00f3n, que reside desde hace tres a\u00f1os con su familia en la primera casa pasiva de madera en Arag\u00f3n y afirma que \u201cen estos dos meses de confinamiento no hemos registrado un mayor consumo energ\u00e9tico derivado del uso de la calefacci\u00f3n y el agua caliente\u201d como s\u00ed ha sucedido por ejemplo en gran parte de los pisos urbanos.<\/span><\/p>\n<div class=\"box shadow\">\n<div class=\"box-inner-block\"><i class=\"tieicon-boxicon\"><\/i>Rivas ha apuntado que \u201chemos tenido suerte de que el confinamiento haya llegado en una \u00e9poca con temperaturas moderadas\u201d porque la diferencia habr\u00eda sido a\u00fan mayor si el confinamiento \u201cse hubiera producido en pleno invierno o verano\u201d, en cuyo caso \u201chubiera sido a\u00fan m\u00e1s duro dado el tipo de vivienda mayoritaria en Espa\u00f1a\u201d.<\/div>\n<\/div>\n<p>Otro arquitecto, el cofundador del estudio AGi Architects y miembro del Colegio Oficial de Arquitectos de Madrid Joaqu\u00edn P\u00e9rez-Goicoechea, se encuentra precisamente en estos momentos rehabilitando su piso para convertirlo en pasivo porque \u201csus criterios de sostenibilidad y eficiencia energ\u00e9tica\u201d se vinculan al \u201ccompromiso social\u201d con el medioambiente y la <strong>recuperaci\u00f3n de \u201cla relaci\u00f3n del ser humano con la Naturaleza\u201d<\/strong>.<\/p>\n<blockquote>\n<p class=\"csAD7A2888\"><span class=\"csCF2ECC95\">A su juicio, estas casas son una inmersi\u00f3n en \u201ctodo lo que uno imagina cuando le hablan de \u2018hogar\u2019, pues transmiten paz, tranquilidad y seguridad\u201d, a la vez que \u201cse preocupan por valores como la salud y el bienestar\u201d.<\/span><\/p>\n<\/blockquote>\n<p class=\"csAD7A2888\">Para ser considerada sostenible, Rivas ha a\u00f1adido que una vivienda debe \u201c<span class=\"csCF2ECC95\">apoyarse en las tres patas de la sostenibilidad\u201d, que son \u201cla reducci\u00f3n del impacto que provoca en el entorno, la mejora del mantenimiento del edificio y la implicaci\u00f3n con valores sociales como la salud\u201d.<\/span><\/p>\n<p class=\"csAD7A2888\"><span class=\"csCF2ECC95\">As\u00ed, entre las medidas habituales en el dise\u00f1o de estas casas figura el uso sistem\u00e1tico de plantas para \u201ccrear microclimas que combatan las islas de calor de las grandes ciudades\u201d, el refuerzo de la\u00a0<\/span><span class=\"csCF2ECC95\">iluminaci\u00f3n natural y la b\u00fasqueda de horizontes limpios, de manera que \u201cal mirar por la ventana los obst\u00e1culos est\u00e9n cuanto m\u00e1s lejos mejor para descansar la vista\u201d.<\/span><\/p>\n<h2>La vivienda del futuro<\/h2>\n<p class=\"csAD7A2888\"><span class=\"csCF2ECC95\">La Uni\u00f3n Europea tambi\u00e9n est\u00e1 impulsando la fabricaci\u00f3n con materiales que, adem\u00e1s de ser econ\u00f3micos, tengan \u201cmenor impacto sobre el medioambiente\u201d, beneficien la salud y \u201csean resilientes al cambio clim\u00e1tico\u201d.<\/span><\/p>\n<blockquote>\n<p class=\"csAD7A2888\"><span class=\"csCF2ECC95\">En este sentido, P\u00e9rez-Goicoechea ha recordado que, para que una casa sea certificada como pasiva, tiene que superar \u201cun test muy exigente\u201d que garantice \u201cla calidad requerida\u201d.<\/span><\/p>\n<\/blockquote>\n<p class=\"csAD7A2888\"><span class=\"csCF2ECC95\">Se trata de un est\u00e1ndar con proyecci\u00f3n de futuro ya que el nuevo C\u00f3digo T\u00e9cnico de la Edificaci\u00f3n, que entrar\u00e1 en vigor a finales de junio, fija par\u00e1metros que \u201cse acercan much\u00edsimo\u201d a ellas y \u201cen muchas regiones va a ser obligatorio\u201d hacer este tipo de construcciones, concluye Rivas.<\/span><\/p>\n<p class=\"csAD7A2888\"><span class=\"csCF2ECC95\">Fuente: EFEverde<\/span><\/p>\n","protected":false},"excerpt":{"rendered":"<p>Un consumo hasta siete veces menor que el de la <a href=\"https:\/\/sertv.gob.pa\/crisolfm\/casas-pasivas-ahorro-energetico-y-mayor-confort-durante-el-confinamiento\/\"> [&#8230;]<\/a><\/p>\n","protected":false},"author":64,"featured_media":28138,"comment_status":"closed","ping_status":"closed","sticky":false,"template":"","format":"standard","meta":{"footnotes":""},"categories":[7],"tags":[],"class_list":["post-28135","post","type-post","status-publish","format-standard","has-post-thumbnail","hentry","category-ecologicas"],"_links":{"self":[{"href":"https:\/\/sertv.gob.pa\/crisolfm\/wp-json\/wp\/v2\/posts\/28135","targetHints":{"allow":["GET"]}}],"collection":[{"href":"https:\/\/sertv.gob.pa\/crisolfm\/wp-json\/wp\/v2\/posts"}],"about":[{"href":"https:\/\/sertv.gob.pa\/crisolfm\/wp-json\/wp\/v2\/types\/post"}],"author":[{"embeddable":true,"href":"https:\/\/sertv.gob.pa\/crisolfm\/wp-json\/wp\/v2\/users\/64"}],"replies":[{"embeddable":true,"href":"https:\/\/sertv.gob.pa\/crisolfm\/wp-json\/wp\/v2\/comments?post=28135"}],"version-history":[{"count":1,"href":"https:\/\/sertv.gob.pa\/crisolfm\/wp-json\/wp\/v2\/posts\/28135\/revisions"}],"predecessor-version":[{"id":28139,"href":"https:\/\/sertv.gob.pa\/crisolfm\/wp-json\/wp\/v2\/posts\/28135\/revisions\/28139"}],"wp:featuredmedia":[{"embeddable":true,"href":"https:\/\/sertv.gob.pa\/crisolfm\/wp-json\/wp\/v2\/media\/28138"}],"wp:attachment":[{"href":"https:\/\/sertv.gob.pa\/crisolfm\/wp-json\/wp\/v2\/media?parent=28135"}],"wp:term":[{"taxonomy":"category","embeddable":true,"href":"https:\/\/sertv.gob.pa\/crisolfm\/wp-json\/wp\/v2\/categories?post=28135"},{"taxonomy":"post_tag","embeddable":true,"href":"https:\/\/sertv.gob.pa\/crisolfm\/wp-json\/wp\/v2\/tags?post=28135"}],"curies":[{"name":"wp","href":"https:\/\/api.w.org\/{rel}","templated":true}]}}