{"id":28145,"date":"2020-05-15T16:07:04","date_gmt":"2020-05-15T16:07:04","guid":{"rendered":"https:\/\/sertv.gob.pa\/crisolfm\/?p=28145"},"modified":"2020-05-15T16:07:04","modified_gmt":"2020-05-15T16:07:04","slug":"el-moma-toma-cartas-en-la-batalla-para-salvar-los-murales-de-picasso-en-oslo","status":"publish","type":"post","link":"https:\/\/sertv.gob.pa\/crisolfm\/el-moma-toma-cartas-en-la-batalla-para-salvar-los-murales-de-picasso-en-oslo\/","title":{"rendered":"El MoMA toma cartas en la batalla para salvar los murales de Picasso en Oslo"},"content":{"rendered":"<p>El 22 de julio de <strong>2011<\/strong>, <strong>Anders Behring Breivik<\/strong> cometi\u00f3 un doble atentado: primero hizo estallar una bomba en un complejo gubernamental de <strong>Oslo<\/strong> y luego en el campamento de las Juventudes Laboristas en la isla de <strong>Ut\u00f8ya<\/strong>, causando en total 77 muertes. El artefacto explosivo da\u00f1\u00f3 gravemente el complejo gubernamental, con <strong>murales de Pablo Picasso<\/strong>. El edificio central y el \u00abBloque Y\u00bb contienen cinco murales fruto de la colaboraci\u00f3n entre Picasso, autor de los dise\u00f1os, y el noruego <strong>Carl Nesjar<\/strong>, hechos con la t\u00e9cnica de chorro de arena y considerados los primeros de car\u00e1cter monumental ideados por el artista espa\u00f1ol.<\/p>\n<p>El Gobierno quer\u00eda derribar toda la edificaci\u00f3n pero, tras fuertes cr\u00edticas de varios organismos, anunci\u00f3 hace unos a\u00f1os el proyecto definitivo, que incluye <strong>preservar el edificio central y demoler el \u00abBloque Y\u00bb<\/strong>, que fue propuesto meses antes para la lista de patrimonio nacional.<\/p>\n<p>El Ayuntamiento de Oslo dio luz verde al proyecto, pero faltaban por resolver las reclamaciones presentadas por colegios de arquitectos y grupos de conservaci\u00f3n del patrimonio al gobernador antes de iniciar la demolici\u00f3n y el traslado de los murales.<\/p>\n<p>Seg\u00fan publican algunos medios noruegos, trabajadores del <strong>MoMA de Nueva York<\/strong> habr\u00edan escrito una carta al primer ministro noruego, Erna Solberg, y al ministro de medio ambiente, Sveinung Rotevatn, en la que muestran su preocupaci\u00f3n por la demolici\u00f3n del edificio pidi\u00e9ndoles que \u00ab<strong>reconsideren la decisi\u00f3n<\/strong>\u00bb, pues no solo constituir\u00eda una p\u00e9rdida significativa del patrimonio arquitect\u00f3nico noruego, sino que ser\u00eda muy dif\u00edcil salvar los murales para colocarlos en otro lugar.<\/p>\n<p>Al parecer, ya han comenzado a perforar el edificio. \u00abEs preocupante ya que <strong>una vez que comiencen a mover el mural, se romper\u00e1<\/strong>. Nadie ha explicado c\u00f3mo lo har\u00e1n. <strong>El arte es la pared<\/strong>\u00bb, dice Gro Nesjar Greve, la hija de Carl Nesjar, a \u00abThe Art Newspaper\u00bb.<\/p>\n<p>Mientras tanto, una petici\u00f3n que exige la preservaci\u00f3n del Bloque Y de Oslo ha cosechado m\u00e1s de <strong>47.000 firmas<\/strong>. \u00abJusto antes del ataque [terrorista] en 2011, la Direcci\u00f3n del Patrimonio Cultural estaba a punto de proteger ambos edificios. Los expertos, dentro y fuera de Noruega, constatan su valor inconmensurable e intentan convencer al gobierno de que detenga los planes de demolici\u00f3n. Sin ning\u00fan \u00e9xito\u00ab, dice la petici\u00f3n, que fue lanzada por un grupo local.<\/p>\n<h3 class=\"ladillo\">Voces en contra del derribo<\/h3>\n<p>A finales del a\u00f1o pasado, <strong>el gobernador provincial de Oslo<\/strong>, \u00faltima instancia en el proceso administrativo, pidi\u00f3 al Gobierno reconsiderar el derribo. \u00abA pesar de que ahora hay una decisi\u00f3n jur\u00eddica final que permite el derribo, lamentar\u00eda mucho una r\u00e1pida e irreparable implementaci\u00f3n de la misma sin que el ministerio o el gobierno haga un nuevo an\u00e1lisis de las s\u00f3lidas objeciones\u00bb, constaba en el texto. El fallo al que hace referencia rechaza las quejas sobre un deficiente estudio del impacto medioambiental y la invalidez del plan porque el derribo se ajusta a la normativa y el gobernador no tiene autoridad para anular un proyecto estatal, aunque ha pedido estudiar de nuevo el caso.<\/p>\n<p>El dictamen alud\u00eda a la oposici\u00f3n de las oficinas de <strong>defensa del patrimonio de Noruega y Oslo<\/strong>, colegios de arquitectos, la comisi\u00f3n noruega para la Organizaci\u00f3n de las Naciones Unidas para la Educaci\u00f3n, la Ciencia y la Cultura (Unesco); el Consejo Internacional de Monumentos y Sitios (ICOMOS) y Europa Nostra.<\/p>\n<p>\u00abEstoy contenta de que el gobernador confirme que el derribo es v\u00e1lido y que ahora podamos seguir con el plan de construir un nuevo complejo abierto, seguro y verde\u00bb, se\u00f1alaba entonces la ministra de Administraci\u00f3n Local, Monica M\u00e6land, quien rechaz\u00f3 que haya argumentos nuevos para hacer otro estudio.<\/p>\n<h3 class=\"ladillo\">Una gran tragedia<\/h3>\n<p>Colectivos culturales noruegos calificaban el derribo de \u00abtragedia\u00bb y como <strong>la \u00abp\u00e9rdida\u00bb m\u00e1s grande para la cultura noruega desde 1945<\/strong>, y alertaban del riesgo de da\u00f1o de los murales. Se mostraban muy cr\u00edticos con la decisi\u00f3n de almacenarlos cinco a\u00f1os en cajas cerradas hasta que sean colocados en alguno de los nuevos edificios del complejo. \u00abSon un ejemplo de arte integrado. El arte est\u00e1 integrado en la ciudad, es <strong>una parte de nuestra cultura<\/strong>. Cuando arte y arquitectura se separan dejan de ser lo que eran\u00bb, explicaba a Efe Kristin Not\u00f8, de la Oficina de Patrimonio de Oslo.<\/p>\n<p>Para intentar preservarlo, Not\u00f8, junto a Maria Zachariassen, comenzaron una serie de <strong>sentadas semanales frente al edificio<\/strong>. Adem\u00e1s, crearon una petici\u00f3n en change.org apoyada por un grupo de Facebook, denominado <strong>\u00abAcci\u00f3n de apoyo para preservar el bloque Y\u00bb<\/strong>, as\u00ed como diferente \u00abmerchandising\u00bb, como bolsas y pines.<\/p>\n<p>Fuente: ABC<\/p>\n","protected":false},"excerpt":{"rendered":"<p>El 22 de julio de 2011, Anders Behring Breivik cometi\u00f3 <a href=\"https:\/\/sertv.gob.pa\/crisolfm\/el-moma-toma-cartas-en-la-batalla-para-salvar-los-murales-de-picasso-en-oslo\/\"> [&#8230;]<\/a><\/p>\n","protected":false},"author":64,"featured_media":28146,"comment_status":"closed","ping_status":"closed","sticky":false,"template":"","format":"standard","meta":{"footnotes":""},"categories":[6],"tags":[],"class_list":["post-28145","post","type-post","status-publish","format-standard","has-post-thumbnail","hentry","category-culturales"],"_links":{"self":[{"href":"https:\/\/sertv.gob.pa\/crisolfm\/wp-json\/wp\/v2\/posts\/28145","targetHints":{"allow":["GET"]}}],"collection":[{"href":"https:\/\/sertv.gob.pa\/crisolfm\/wp-json\/wp\/v2\/posts"}],"about":[{"href":"https:\/\/sertv.gob.pa\/crisolfm\/wp-json\/wp\/v2\/types\/post"}],"author":[{"embeddable":true,"href":"https:\/\/sertv.gob.pa\/crisolfm\/wp-json\/wp\/v2\/users\/64"}],"replies":[{"embeddable":true,"href":"https:\/\/sertv.gob.pa\/crisolfm\/wp-json\/wp\/v2\/comments?post=28145"}],"version-history":[{"count":1,"href":"https:\/\/sertv.gob.pa\/crisolfm\/wp-json\/wp\/v2\/posts\/28145\/revisions"}],"predecessor-version":[{"id":28147,"href":"https:\/\/sertv.gob.pa\/crisolfm\/wp-json\/wp\/v2\/posts\/28145\/revisions\/28147"}],"wp:featuredmedia":[{"embeddable":true,"href":"https:\/\/sertv.gob.pa\/crisolfm\/wp-json\/wp\/v2\/media\/28146"}],"wp:attachment":[{"href":"https:\/\/sertv.gob.pa\/crisolfm\/wp-json\/wp\/v2\/media?parent=28145"}],"wp:term":[{"taxonomy":"category","embeddable":true,"href":"https:\/\/sertv.gob.pa\/crisolfm\/wp-json\/wp\/v2\/categories?post=28145"},{"taxonomy":"post_tag","embeddable":true,"href":"https:\/\/sertv.gob.pa\/crisolfm\/wp-json\/wp\/v2\/tags?post=28145"}],"curies":[{"name":"wp","href":"https:\/\/api.w.org\/{rel}","templated":true}]}}